{"id":19348,"date":"2023-12-22T13:44:58","date_gmt":"2023-12-22T12:44:58","guid":{"rendered":"https:\/\/www.dietricheberle1974mv.de\/?p=19348"},"modified":"2023-12-22T13:50:52","modified_gmt":"2023-12-22T12:50:52","slug":"jubi-marathons-300-400-an-der-kieler-foerde","status":"publish","type":"post","link":"https:\/\/www.dietricheberle1974mv.de\/?p=19348","title":{"rendered":"Jubi-Marathons 300 + 400 an der Kieler F\u00f6rde"},"content":{"rendered":"\n<p>Am Sonnabend, dem 16. Dezember fand der 41. Holtenauer Individual Marathon an der Kieler F\u00f6rde statt, und gleich zwei Lauffreunde feierten Jubil\u00e4um. Veranstalter Davor Bendin feierte seinen 300. und Wojciech Piotr Mehl seinen 400. Marathon\/Ultra!<\/p>\n\n\n\n<figure class=\"wp-block-gallery columns-1 is-cropped\"><ul class=\"blocks-gallery-grid\"><li class=\"blocks-gallery-item\"><figure><a href=\"https:\/\/www.dietricheberle1974mv.de\/wp-content\/uploads\/2023\/12\/IMG_0050-scaled.jpg\"><img loading=\"lazy\" width=\"1024\" height=\"768\" src=\"https:\/\/www.dietricheberle1974mv.de\/wp-content\/uploads\/2023\/12\/IMG_0050-1024x768.jpg\" alt=\"\" data-id=\"19349\" data-full-url=\"https:\/\/www.dietricheberle1974mv.de\/wp-content\/uploads\/2023\/12\/IMG_0050-scaled.jpg\" data-link=\"https:\/\/www.dietricheberle1974mv.de\/?attachment_id=19349\" class=\"wp-image-19349\" srcset=\"https:\/\/www.dietricheberle1974mv.de\/wp-content\/uploads\/2023\/12\/IMG_0050-1024x768.jpg 1024w, https:\/\/www.dietricheberle1974mv.de\/wp-content\/uploads\/2023\/12\/IMG_0050-300x225.jpg 300w, https:\/\/www.dietricheberle1974mv.de\/wp-content\/uploads\/2023\/12\/IMG_0050-768x576.jpg 768w, https:\/\/www.dietricheberle1974mv.de\/wp-content\/uploads\/2023\/12\/IMG_0050-1536x1152.jpg 1536w, https:\/\/www.dietricheberle1974mv.de\/wp-content\/uploads\/2023\/12\/IMG_0050-2048x1536.jpg 2048w\" sizes=\"(max-width: 1024px) 100vw, 1024px\" \/><\/a><\/figure><\/li><\/ul><figcaption class=\"blocks-gallery-caption\">Gunla und ich waren schon am Freitagnachmittag mit dem WoMo angekommen und parkten etwa 2 m von Start und Ziel entfernt!<\/figcaption><\/figure>\n\n\n\n<figure class=\"wp-block-gallery columns-1 is-cropped\"><ul class=\"blocks-gallery-grid\"><li class=\"blocks-gallery-item\"><figure><a href=\"https:\/\/www.dietricheberle1974mv.de\/wp-content\/uploads\/2023\/12\/IMG_0051-scaled.jpg\"><img loading=\"lazy\" width=\"1024\" height=\"768\" src=\"https:\/\/www.dietricheberle1974mv.de\/wp-content\/uploads\/2023\/12\/IMG_0051-1024x768.jpg\" alt=\"\" data-id=\"19351\" data-full-url=\"https:\/\/www.dietricheberle1974mv.de\/wp-content\/uploads\/2023\/12\/IMG_0051-scaled.jpg\" data-link=\"https:\/\/www.dietricheberle1974mv.de\/?attachment_id=19351\" class=\"wp-image-19351\" srcset=\"https:\/\/www.dietricheberle1974mv.de\/wp-content\/uploads\/2023\/12\/IMG_0051-1024x768.jpg 1024w, https:\/\/www.dietricheberle1974mv.de\/wp-content\/uploads\/2023\/12\/IMG_0051-300x225.jpg 300w, https:\/\/www.dietricheberle1974mv.de\/wp-content\/uploads\/2023\/12\/IMG_0051-768x576.jpg 768w, https:\/\/www.dietricheberle1974mv.de\/wp-content\/uploads\/2023\/12\/IMG_0051-1536x1152.jpg 1536w, https:\/\/www.dietricheberle1974mv.de\/wp-content\/uploads\/2023\/12\/IMG_0051-2048x1536.jpg 2048w\" sizes=\"(max-width: 1024px) 100vw, 1024px\" \/><\/a><\/figure><\/li><\/ul><figcaption class=\"blocks-gallery-caption\">Gunla hatte die Idee, einen kleinen Spaziergang an der Wasserlinie zu unternehmen<\/figcaption><\/figure>\n\n\n\n<figure class=\"wp-block-gallery columns-1 is-cropped\"><ul class=\"blocks-gallery-grid\"><li class=\"blocks-gallery-item\"><figure><a href=\"https:\/\/www.dietricheberle1974mv.de\/wp-content\/uploads\/2023\/12\/IMG_2281-scaled.jpg\"><img loading=\"lazy\" width=\"1024\" height=\"768\" src=\"https:\/\/www.dietricheberle1974mv.de\/wp-content\/uploads\/2023\/12\/IMG_2281-1024x768.jpg\" alt=\"\" data-id=\"19354\" data-full-url=\"https:\/\/www.dietricheberle1974mv.de\/wp-content\/uploads\/2023\/12\/IMG_2281-scaled.jpg\" data-link=\"https:\/\/www.dietricheberle1974mv.de\/?attachment_id=19354\" class=\"wp-image-19354\" srcset=\"https:\/\/www.dietricheberle1974mv.de\/wp-content\/uploads\/2023\/12\/IMG_2281-1024x768.jpg 1024w, https:\/\/www.dietricheberle1974mv.de\/wp-content\/uploads\/2023\/12\/IMG_2281-300x225.jpg 300w, https:\/\/www.dietricheberle1974mv.de\/wp-content\/uploads\/2023\/12\/IMG_2281-768x576.jpg 768w, https:\/\/www.dietricheberle1974mv.de\/wp-content\/uploads\/2023\/12\/IMG_2281-1536x1152.jpg 1536w, https:\/\/www.dietricheberle1974mv.de\/wp-content\/uploads\/2023\/12\/IMG_2281-2048x1536.jpg 2048w\" sizes=\"(max-width: 1024px) 100vw, 1024px\" \/><\/a><\/figure><\/li><\/ul><figcaption class=\"blocks-gallery-caption\">Ein Schlepper der Firma K\u00fcstendienst GmbH<\/figcaption><\/figure>\n\n\n\n<figure class=\"wp-block-gallery columns-1 is-cropped\"><ul class=\"blocks-gallery-grid\"><li class=\"blocks-gallery-item\"><figure><a href=\"https:\/\/www.dietricheberle1974mv.de\/wp-content\/uploads\/2023\/12\/IMG_2277-1-scaled.jpg\"><img loading=\"lazy\" width=\"1024\" height=\"768\" src=\"https:\/\/www.dietricheberle1974mv.de\/wp-content\/uploads\/2023\/12\/IMG_2277-1-1024x768.jpg\" alt=\"\" data-id=\"19436\" data-full-url=\"https:\/\/www.dietricheberle1974mv.de\/wp-content\/uploads\/2023\/12\/IMG_2277-1-scaled.jpg\" data-link=\"https:\/\/www.dietricheberle1974mv.de\/?attachment_id=19436\" class=\"wp-image-19436\" srcset=\"https:\/\/www.dietricheberle1974mv.de\/wp-content\/uploads\/2023\/12\/IMG_2277-1-1024x768.jpg 1024w, https:\/\/www.dietricheberle1974mv.de\/wp-content\/uploads\/2023\/12\/IMG_2277-1-300x225.jpg 300w, https:\/\/www.dietricheberle1974mv.de\/wp-content\/uploads\/2023\/12\/IMG_2277-1-768x576.jpg 768w, https:\/\/www.dietricheberle1974mv.de\/wp-content\/uploads\/2023\/12\/IMG_2277-1-1536x1152.jpg 1536w, https:\/\/www.dietricheberle1974mv.de\/wp-content\/uploads\/2023\/12\/IMG_2277-1-2048x1536.jpg 2048w\" sizes=\"(max-width: 1024px) 100vw, 1024px\" \/><\/a><\/figure><\/li><\/ul><figcaption class=\"blocks-gallery-caption\">Das Schiffer Cafe l\u00e4dt zum Besuch ein, hier am Tiessenkai war fr\u00fcher der Standort des Schiffsausr\u00fcsters Hermann Tiessen<\/figcaption><\/figure>\n\n\n\n<figure class=\"wp-block-gallery columns-1 is-cropped\"><ul class=\"blocks-gallery-grid\"><li class=\"blocks-gallery-item\"><figure><a href=\"https:\/\/www.dietricheberle1974mv.de\/wp-content\/uploads\/2023\/12\/IMG_0069-scaled.jpg\"><img loading=\"lazy\" width=\"1024\" height=\"768\" src=\"https:\/\/www.dietricheberle1974mv.de\/wp-content\/uploads\/2023\/12\/IMG_0069-1024x768.jpg\" alt=\"\" data-id=\"19356\" data-full-url=\"https:\/\/www.dietricheberle1974mv.de\/wp-content\/uploads\/2023\/12\/IMG_0069-scaled.jpg\" data-link=\"https:\/\/www.dietricheberle1974mv.de\/?attachment_id=19356\" class=\"wp-image-19356\" srcset=\"https:\/\/www.dietricheberle1974mv.de\/wp-content\/uploads\/2023\/12\/IMG_0069-1024x768.jpg 1024w, https:\/\/www.dietricheberle1974mv.de\/wp-content\/uploads\/2023\/12\/IMG_0069-300x225.jpg 300w, https:\/\/www.dietricheberle1974mv.de\/wp-content\/uploads\/2023\/12\/IMG_0069-768x576.jpg 768w, https:\/\/www.dietricheberle1974mv.de\/wp-content\/uploads\/2023\/12\/IMG_0069-1536x1152.jpg 1536w, https:\/\/www.dietricheberle1974mv.de\/wp-content\/uploads\/2023\/12\/IMG_0069-2048x1536.jpg 2048w\" sizes=\"(max-width: 1024px) 100vw, 1024px\" \/><\/a><\/figure><\/li><\/ul><figcaption class=\"blocks-gallery-caption\">Das Cafe ist gem\u00fctlich und urig eingerichtet<\/figcaption><\/figure>\n\n\n\n<figure class=\"wp-block-gallery columns-1 is-cropped\"><ul class=\"blocks-gallery-grid\"><li class=\"blocks-gallery-item\"><figure><a href=\"https:\/\/www.dietricheberle1974mv.de\/wp-content\/uploads\/2023\/12\/IMG_0070-scaled.jpg\"><img loading=\"lazy\" width=\"1024\" height=\"772\" src=\"https:\/\/www.dietricheberle1974mv.de\/wp-content\/uploads\/2023\/12\/IMG_0070-1024x772.jpg\" alt=\"\" data-id=\"19357\" data-full-url=\"https:\/\/www.dietricheberle1974mv.de\/wp-content\/uploads\/2023\/12\/IMG_0070-scaled.jpg\" data-link=\"https:\/\/www.dietricheberle1974mv.de\/?attachment_id=19357\" class=\"wp-image-19357\" srcset=\"https:\/\/www.dietricheberle1974mv.de\/wp-content\/uploads\/2023\/12\/IMG_0070-1024x772.jpg 1024w, https:\/\/www.dietricheberle1974mv.de\/wp-content\/uploads\/2023\/12\/IMG_0070-300x226.jpg 300w, https:\/\/www.dietricheberle1974mv.de\/wp-content\/uploads\/2023\/12\/IMG_0070-768x579.jpg 768w, https:\/\/www.dietricheberle1974mv.de\/wp-content\/uploads\/2023\/12\/IMG_0070-1536x1158.jpg 1536w, https:\/\/www.dietricheberle1974mv.de\/wp-content\/uploads\/2023\/12\/IMG_0070-2048x1544.jpg 2048w\" sizes=\"(max-width: 1024px) 100vw, 1024px\" \/><\/a><\/figure><\/li><\/ul><figcaption class=\"blocks-gallery-caption\">Wir g\u00f6nnen uns gemeinsam Matjes &#8230; <\/figcaption><\/figure>\n\n\n\n<figure class=\"wp-block-gallery columns-1 is-cropped\"><ul class=\"blocks-gallery-grid\"><li class=\"blocks-gallery-item\"><figure><a href=\"https:\/\/www.dietricheberle1974mv.de\/wp-content\/uploads\/2023\/12\/IMG_2284-scaled.jpg\"><img loading=\"lazy\" width=\"1024\" height=\"768\" src=\"https:\/\/www.dietricheberle1974mv.de\/wp-content\/uploads\/2023\/12\/IMG_2284-1024x768.jpg\" alt=\"\" data-id=\"19358\" data-full-url=\"https:\/\/www.dietricheberle1974mv.de\/wp-content\/uploads\/2023\/12\/IMG_2284-scaled.jpg\" data-link=\"https:\/\/www.dietricheberle1974mv.de\/?attachment_id=19358\" class=\"wp-image-19358\" srcset=\"https:\/\/www.dietricheberle1974mv.de\/wp-content\/uploads\/2023\/12\/IMG_2284-1024x768.jpg 1024w, https:\/\/www.dietricheberle1974mv.de\/wp-content\/uploads\/2023\/12\/IMG_2284-300x225.jpg 300w, https:\/\/www.dietricheberle1974mv.de\/wp-content\/uploads\/2023\/12\/IMG_2284-768x576.jpg 768w, https:\/\/www.dietricheberle1974mv.de\/wp-content\/uploads\/2023\/12\/IMG_2284-1536x1152.jpg 1536w, https:\/\/www.dietricheberle1974mv.de\/wp-content\/uploads\/2023\/12\/IMG_2284-2048x1537.jpg 2048w\" sizes=\"(max-width: 1024px) 100vw, 1024px\" \/><\/a><\/figure><\/li><\/ul><figcaption class=\"blocks-gallery-caption\"> &#8230; auf Schwarzbrot &#8230; <\/figcaption><\/figure>\n\n\n\n<figure class=\"wp-block-gallery columns-1 is-cropped\"><ul class=\"blocks-gallery-grid\"><li class=\"blocks-gallery-item\"><figure><a href=\"https:\/\/www.dietricheberle1974mv.de\/wp-content\/uploads\/2023\/12\/IMG_0073-scaled.jpg\"><img loading=\"lazy\" width=\"1024\" height=\"768\" src=\"https:\/\/www.dietricheberle1974mv.de\/wp-content\/uploads\/2023\/12\/IMG_0073-1024x768.jpg\" alt=\"\" data-id=\"19359\" data-full-url=\"https:\/\/www.dietricheberle1974mv.de\/wp-content\/uploads\/2023\/12\/IMG_0073-scaled.jpg\" data-link=\"https:\/\/www.dietricheberle1974mv.de\/?attachment_id=19359\" class=\"wp-image-19359\" srcset=\"https:\/\/www.dietricheberle1974mv.de\/wp-content\/uploads\/2023\/12\/IMG_0073-1024x768.jpg 1024w, https:\/\/www.dietricheberle1974mv.de\/wp-content\/uploads\/2023\/12\/IMG_0073-300x225.jpg 300w, https:\/\/www.dietricheberle1974mv.de\/wp-content\/uploads\/2023\/12\/IMG_0073-768x576.jpg 768w, https:\/\/www.dietricheberle1974mv.de\/wp-content\/uploads\/2023\/12\/IMG_0073-1536x1152.jpg 1536w, https:\/\/www.dietricheberle1974mv.de\/wp-content\/uploads\/2023\/12\/IMG_0073-2048x1536.jpg 2048w\" sizes=\"(max-width: 1024px) 100vw, 1024px\" \/><\/a><\/figure><\/li><\/ul><figcaption class=\"blocks-gallery-caption\"> &#8230; mit Blick auf die F\u00f6rde <\/figcaption><\/figure>\n\n\n\n<figure class=\"wp-block-gallery columns-1 is-cropped\"><ul class=\"blocks-gallery-grid\"><li class=\"blocks-gallery-item\"><figure><a href=\"https:\/\/www.dietricheberle1974mv.de\/wp-content\/uploads\/2023\/12\/IMG_2286-scaled.jpg\"><img loading=\"lazy\" width=\"1024\" height=\"768\" src=\"https:\/\/www.dietricheberle1974mv.de\/wp-content\/uploads\/2023\/12\/IMG_2286-1024x768.jpg\" alt=\"\" data-id=\"19361\" data-full-url=\"https:\/\/www.dietricheberle1974mv.de\/wp-content\/uploads\/2023\/12\/IMG_2286-scaled.jpg\" data-link=\"https:\/\/www.dietricheberle1974mv.de\/?attachment_id=19361\" class=\"wp-image-19361\" srcset=\"https:\/\/www.dietricheberle1974mv.de\/wp-content\/uploads\/2023\/12\/IMG_2286-1024x768.jpg 1024w, https:\/\/www.dietricheberle1974mv.de\/wp-content\/uploads\/2023\/12\/IMG_2286-300x225.jpg 300w, https:\/\/www.dietricheberle1974mv.de\/wp-content\/uploads\/2023\/12\/IMG_2286-768x576.jpg 768w, https:\/\/www.dietricheberle1974mv.de\/wp-content\/uploads\/2023\/12\/IMG_2286-1536x1152.jpg 1536w, https:\/\/www.dietricheberle1974mv.de\/wp-content\/uploads\/2023\/12\/IMG_2286-2048x1536.jpg 2048w\" sizes=\"(max-width: 1024px) 100vw, 1024px\" \/><\/a><\/figure><\/li><\/ul><figcaption class=\"blocks-gallery-caption\">Eine altes Foto des Tiessenkais<\/figcaption><\/figure>\n\n\n\n<figure class=\"wp-block-gallery columns-1 is-cropped\"><ul class=\"blocks-gallery-grid\"><li class=\"blocks-gallery-item\"><figure><a href=\"https:\/\/www.dietricheberle1974mv.de\/wp-content\/uploads\/2023\/12\/IMG_2289-scaled.jpg\"><img loading=\"lazy\" width=\"1024\" height=\"768\" src=\"https:\/\/www.dietricheberle1974mv.de\/wp-content\/uploads\/2023\/12\/IMG_2289-1024x768.jpg\" alt=\"\" data-id=\"19362\" data-full-url=\"https:\/\/www.dietricheberle1974mv.de\/wp-content\/uploads\/2023\/12\/IMG_2289-scaled.jpg\" data-link=\"https:\/\/www.dietricheberle1974mv.de\/?attachment_id=19362\" class=\"wp-image-19362\" srcset=\"https:\/\/www.dietricheberle1974mv.de\/wp-content\/uploads\/2023\/12\/IMG_2289-1024x768.jpg 1024w, https:\/\/www.dietricheberle1974mv.de\/wp-content\/uploads\/2023\/12\/IMG_2289-300x225.jpg 300w, https:\/\/www.dietricheberle1974mv.de\/wp-content\/uploads\/2023\/12\/IMG_2289-768x576.jpg 768w, https:\/\/www.dietricheberle1974mv.de\/wp-content\/uploads\/2023\/12\/IMG_2289-1536x1152.jpg 1536w, https:\/\/www.dietricheberle1974mv.de\/wp-content\/uploads\/2023\/12\/IMG_2289-2048x1536.jpg 2048w\" sizes=\"(max-width: 1024px) 100vw, 1024px\" \/><\/a><\/figure><\/li><\/ul><figcaption class=\"blocks-gallery-caption\">Der historische Leuchtturm Kiel Holtenau von 1895, es ist kurz nach 16 Uhr, Sonnenuntergang<\/figcaption><\/figure>\n\n\n\n<figure class=\"wp-block-gallery columns-1 is-cropped\"><ul class=\"blocks-gallery-grid\"><li class=\"blocks-gallery-item\"><figure><a href=\"https:\/\/www.dietricheberle1974mv.de\/wp-content\/uploads\/2023\/12\/IMG_22901-scaled.jpg\"><img loading=\"lazy\" width=\"1024\" height=\"768\" src=\"https:\/\/www.dietricheberle1974mv.de\/wp-content\/uploads\/2023\/12\/IMG_22901-1024x768.jpg\" alt=\"\" data-id=\"19364\" data-full-url=\"https:\/\/www.dietricheberle1974mv.de\/wp-content\/uploads\/2023\/12\/IMG_22901-scaled.jpg\" data-link=\"https:\/\/www.dietricheberle1974mv.de\/?attachment_id=19364\" class=\"wp-image-19364\" srcset=\"https:\/\/www.dietricheberle1974mv.de\/wp-content\/uploads\/2023\/12\/IMG_22901-1024x768.jpg 1024w, https:\/\/www.dietricheberle1974mv.de\/wp-content\/uploads\/2023\/12\/IMG_22901-300x225.jpg 300w, https:\/\/www.dietricheberle1974mv.de\/wp-content\/uploads\/2023\/12\/IMG_22901-768x576.jpg 768w, https:\/\/www.dietricheberle1974mv.de\/wp-content\/uploads\/2023\/12\/IMG_22901-1536x1152.jpg 1536w, https:\/\/www.dietricheberle1974mv.de\/wp-content\/uploads\/2023\/12\/IMG_22901-2048x1536.jpg 2048w\" sizes=\"(max-width: 1024px) 100vw, 1024px\" \/><\/a><\/figure><\/li><\/ul><figcaption class=\"blocks-gallery-caption\">Det Forenede Dampskibs-Selskab (Vereinigte Dampfschiffs-Gesellschaft) ist eine d\u00e4nische Reederei von 1866. Es gibt eine F\u00e4hrstrecke von Kiel nach Klaipeda, Litauen <\/figcaption><\/figure>\n\n\n\n<figure class=\"wp-block-gallery columns-1 is-cropped\"><ul class=\"blocks-gallery-grid\"><li class=\"blocks-gallery-item\"><figure><a href=\"https:\/\/www.dietricheberle1974mv.de\/wp-content\/uploads\/2023\/12\/IMG_0078-scaled.jpg\"><img loading=\"lazy\" width=\"1024\" height=\"768\" src=\"https:\/\/www.dietricheberle1974mv.de\/wp-content\/uploads\/2023\/12\/IMG_0078-1024x768.jpg\" alt=\"\" data-id=\"19365\" data-full-url=\"https:\/\/www.dietricheberle1974mv.de\/wp-content\/uploads\/2023\/12\/IMG_0078-scaled.jpg\" data-link=\"https:\/\/www.dietricheberle1974mv.de\/?attachment_id=19365\" class=\"wp-image-19365\" srcset=\"https:\/\/www.dietricheberle1974mv.de\/wp-content\/uploads\/2023\/12\/IMG_0078-1024x768.jpg 1024w, https:\/\/www.dietricheberle1974mv.de\/wp-content\/uploads\/2023\/12\/IMG_0078-300x225.jpg 300w, https:\/\/www.dietricheberle1974mv.de\/wp-content\/uploads\/2023\/12\/IMG_0078-768x576.jpg 768w, https:\/\/www.dietricheberle1974mv.de\/wp-content\/uploads\/2023\/12\/IMG_0078-1536x1152.jpg 1536w, https:\/\/www.dietricheberle1974mv.de\/wp-content\/uploads\/2023\/12\/IMG_0078-2048x1537.jpg 2048w\" sizes=\"(max-width: 1024px) 100vw, 1024px\" \/><\/a><\/figure><\/li><\/ul><figcaption class=\"blocks-gallery-caption\">Malerische Schlepper an der Holtenauer Reede<\/figcaption><\/figure>\n\n\n\n<figure class=\"wp-block-gallery columns-1 is-cropped\"><ul class=\"blocks-gallery-grid\"><li class=\"blocks-gallery-item\"><figure><a href=\"https:\/\/www.dietricheberle1974mv.de\/wp-content\/uploads\/2023\/12\/IMG_8740.1.png\"><img loading=\"lazy\" width=\"1024\" height=\"653\" src=\"https:\/\/www.dietricheberle1974mv.de\/wp-content\/uploads\/2023\/12\/IMG_8740.1-1024x653.png\" alt=\"\" data-id=\"19472\" data-full-url=\"https:\/\/www.dietricheberle1974mv.de\/wp-content\/uploads\/2023\/12\/IMG_8740.1.png\" data-link=\"https:\/\/www.dietricheberle1974mv.de\/?attachment_id=19472\" class=\"wp-image-19472\" srcset=\"https:\/\/www.dietricheberle1974mv.de\/wp-content\/uploads\/2023\/12\/IMG_8740.1-1024x653.png 1024w, https:\/\/www.dietricheberle1974mv.de\/wp-content\/uploads\/2023\/12\/IMG_8740.1-300x191.png 300w, https:\/\/www.dietricheberle1974mv.de\/wp-content\/uploads\/2023\/12\/IMG_8740.1-768x490.png 768w, https:\/\/www.dietricheberle1974mv.de\/wp-content\/uploads\/2023\/12\/IMG_8740.1-1536x980.png 1536w, https:\/\/www.dietricheberle1974mv.de\/wp-content\/uploads\/2023\/12\/IMG_8740.1.png 1764w\" sizes=\"(max-width: 1024px) 100vw, 1024px\" \/><\/a><\/figure><\/li><\/ul><figcaption class=\"blocks-gallery-caption\">Am n\u00e4chsten Morgen um Punkt 4 Uhr gehe ich auf die Strecke, sie f\u00fchrt zun\u00e4chst an der Wasserlinie entlang, dann auf die Wendepunktstrecke und zur\u00fcck zu Start und Ziel an der Strandstra\u00dfe<\/figcaption><\/figure>\n\n\n\n<figure class=\"wp-block-gallery columns-1 is-cropped\"><ul class=\"blocks-gallery-grid\"><li class=\"blocks-gallery-item\"><figure><a href=\"https:\/\/www.dietricheberle1974mv.de\/wp-content\/uploads\/2023\/12\/IMG_2297-scaled.jpg\"><img loading=\"lazy\" width=\"1024\" height=\"768\" src=\"https:\/\/www.dietricheberle1974mv.de\/wp-content\/uploads\/2023\/12\/IMG_2297-1024x768.jpg\" alt=\"\" data-id=\"19366\" data-full-url=\"https:\/\/www.dietricheberle1974mv.de\/wp-content\/uploads\/2023\/12\/IMG_2297-scaled.jpg\" data-link=\"https:\/\/www.dietricheberle1974mv.de\/?attachment_id=19366\" class=\"wp-image-19366\" srcset=\"https:\/\/www.dietricheberle1974mv.de\/wp-content\/uploads\/2023\/12\/IMG_2297-1024x768.jpg 1024w, https:\/\/www.dietricheberle1974mv.de\/wp-content\/uploads\/2023\/12\/IMG_2297-300x225.jpg 300w, https:\/\/www.dietricheberle1974mv.de\/wp-content\/uploads\/2023\/12\/IMG_2297-768x576.jpg 768w, https:\/\/www.dietricheberle1974mv.de\/wp-content\/uploads\/2023\/12\/IMG_2297-1536x1152.jpg 1536w, https:\/\/www.dietricheberle1974mv.de\/wp-content\/uploads\/2023\/12\/IMG_2297-2048x1536.jpg 2048w\" sizes=\"(max-width: 1024px) 100vw, 1024px\" \/><\/a><\/figure><\/li><\/ul><figcaption class=\"blocks-gallery-caption\">Langsam f\u00fcllt sich die Strecke mit den insgesamt 27 L\u00e4uferinnen und L\u00e4ufern, ab ca. 8:30 Uhr ist es hell genug f\u00fcr Fotos, hier sehen wir schon die beiden Jubilare Wojciech und Davor!<\/figcaption><\/figure>\n\n\n\n<figure class=\"wp-block-gallery columns-1 is-cropped\"><ul class=\"blocks-gallery-grid\"><li class=\"blocks-gallery-item\"><figure><a href=\"https:\/\/www.dietricheberle1974mv.de\/wp-content\/uploads\/2023\/12\/IMG_2302-scaled.jpg\"><img loading=\"lazy\" width=\"1024\" height=\"768\" src=\"https:\/\/www.dietricheberle1974mv.de\/wp-content\/uploads\/2023\/12\/IMG_2302-1024x768.jpg\" alt=\"\" data-id=\"19367\" data-full-url=\"https:\/\/www.dietricheberle1974mv.de\/wp-content\/uploads\/2023\/12\/IMG_2302-scaled.jpg\" data-link=\"https:\/\/www.dietricheberle1974mv.de\/?attachment_id=19367\" class=\"wp-image-19367\" srcset=\"https:\/\/www.dietricheberle1974mv.de\/wp-content\/uploads\/2023\/12\/IMG_2302-1024x768.jpg 1024w, https:\/\/www.dietricheberle1974mv.de\/wp-content\/uploads\/2023\/12\/IMG_2302-300x225.jpg 300w, https:\/\/www.dietricheberle1974mv.de\/wp-content\/uploads\/2023\/12\/IMG_2302-768x576.jpg 768w, https:\/\/www.dietricheberle1974mv.de\/wp-content\/uploads\/2023\/12\/IMG_2302-1536x1152.jpg 1536w, https:\/\/www.dietricheberle1974mv.de\/wp-content\/uploads\/2023\/12\/IMG_2302-2048x1536.jpg 2048w\" sizes=\"(max-width: 1024px) 100vw, 1024px\" \/><\/a><\/figure><\/li><\/ul><figcaption class=\"blocks-gallery-caption\">Jakob hat, wie immer, Kopfh\u00f6rer auf. Er scheint eine ziemlich schnelle Musik zu h\u00f6ren!<\/figcaption><\/figure>\n\n\n\n<figure class=\"wp-block-gallery columns-1 is-cropped\"><ul class=\"blocks-gallery-grid\"><li class=\"blocks-gallery-item\"><figure><a href=\"https:\/\/www.dietricheberle1974mv.de\/wp-content\/uploads\/2023\/12\/IMG_2304-scaled.jpg\"><img loading=\"lazy\" width=\"1024\" height=\"768\" src=\"https:\/\/www.dietricheberle1974mv.de\/wp-content\/uploads\/2023\/12\/IMG_2304-1024x768.jpg\" alt=\"\" data-id=\"19368\" data-full-url=\"https:\/\/www.dietricheberle1974mv.de\/wp-content\/uploads\/2023\/12\/IMG_2304-scaled.jpg\" data-link=\"https:\/\/www.dietricheberle1974mv.de\/?attachment_id=19368\" class=\"wp-image-19368\" srcset=\"https:\/\/www.dietricheberle1974mv.de\/wp-content\/uploads\/2023\/12\/IMG_2304-1024x768.jpg 1024w, https:\/\/www.dietricheberle1974mv.de\/wp-content\/uploads\/2023\/12\/IMG_2304-300x225.jpg 300w, https:\/\/www.dietricheberle1974mv.de\/wp-content\/uploads\/2023\/12\/IMG_2304-768x576.jpg 768w, https:\/\/www.dietricheberle1974mv.de\/wp-content\/uploads\/2023\/12\/IMG_2304-1536x1152.jpg 1536w, https:\/\/www.dietricheberle1974mv.de\/wp-content\/uploads\/2023\/12\/IMG_2304-2048x1536.jpg 2048w\" sizes=\"(max-width: 1024px) 100vw, 1024px\" \/><\/a><\/figure><\/li><\/ul><figcaption class=\"blocks-gallery-caption\">Klaus peilt im n\u00e4chsten Jahr seinen 500. und letzten M\/U beim Marathon am Segeberger See an, den er pers\u00f6nlich organisiert <\/figcaption><\/figure>\n\n\n\n<figure class=\"wp-block-gallery columns-1 is-cropped\"><ul class=\"blocks-gallery-grid\"><li class=\"blocks-gallery-item\"><figure><a href=\"https:\/\/www.dietricheberle1974mv.de\/wp-content\/uploads\/2023\/12\/IMG_2308-Alexander-scaled.jpg\"><img loading=\"lazy\" width=\"1024\" height=\"768\" src=\"https:\/\/www.dietricheberle1974mv.de\/wp-content\/uploads\/2023\/12\/IMG_2308-Alexander-1024x768.jpg\" alt=\"\" data-id=\"19369\" data-full-url=\"https:\/\/www.dietricheberle1974mv.de\/wp-content\/uploads\/2023\/12\/IMG_2308-Alexander-scaled.jpg\" data-link=\"https:\/\/www.dietricheberle1974mv.de\/?attachment_id=19369\" class=\"wp-image-19369\" srcset=\"https:\/\/www.dietricheberle1974mv.de\/wp-content\/uploads\/2023\/12\/IMG_2308-Alexander-1024x768.jpg 1024w, https:\/\/www.dietricheberle1974mv.de\/wp-content\/uploads\/2023\/12\/IMG_2308-Alexander-300x225.jpg 300w, https:\/\/www.dietricheberle1974mv.de\/wp-content\/uploads\/2023\/12\/IMG_2308-Alexander-768x576.jpg 768w, https:\/\/www.dietricheberle1974mv.de\/wp-content\/uploads\/2023\/12\/IMG_2308-Alexander-1536x1152.jpg 1536w, https:\/\/www.dietricheberle1974mv.de\/wp-content\/uploads\/2023\/12\/IMG_2308-Alexander-2048x1536.jpg 2048w\" sizes=\"(max-width: 1024px) 100vw, 1024px\" \/><\/a><\/figure><\/li><\/ul><figcaption class=\"blocks-gallery-caption\">Es geht jetzt Schlag auf Schlag, ich treffe Alexander, &#8230;<\/figcaption><\/figure>\n\n\n\n<figure class=\"wp-block-gallery columns-1 is-cropped\"><ul class=\"blocks-gallery-grid\"><li class=\"blocks-gallery-item\"><figure><a href=\"https:\/\/www.dietricheberle1974mv.de\/wp-content\/uploads\/2023\/12\/IMG_2311-scaled.jpg\"><img loading=\"lazy\" width=\"1024\" height=\"768\" src=\"https:\/\/www.dietricheberle1974mv.de\/wp-content\/uploads\/2023\/12\/IMG_2311-1024x768.jpg\" alt=\"\" data-id=\"19370\" data-full-url=\"https:\/\/www.dietricheberle1974mv.de\/wp-content\/uploads\/2023\/12\/IMG_2311-scaled.jpg\" data-link=\"https:\/\/www.dietricheberle1974mv.de\/?attachment_id=19370\" class=\"wp-image-19370\" srcset=\"https:\/\/www.dietricheberle1974mv.de\/wp-content\/uploads\/2023\/12\/IMG_2311-1024x768.jpg 1024w, https:\/\/www.dietricheberle1974mv.de\/wp-content\/uploads\/2023\/12\/IMG_2311-300x225.jpg 300w, https:\/\/www.dietricheberle1974mv.de\/wp-content\/uploads\/2023\/12\/IMG_2311-768x576.jpg 768w, https:\/\/www.dietricheberle1974mv.de\/wp-content\/uploads\/2023\/12\/IMG_2311-1536x1152.jpg 1536w, https:\/\/www.dietricheberle1974mv.de\/wp-content\/uploads\/2023\/12\/IMG_2311-2048x1536.jpg 2048w\" sizes=\"(max-width: 1024px) 100vw, 1024px\" \/><\/a><\/figure><\/li><\/ul><figcaption class=\"blocks-gallery-caption\">&#8230; Vorstandsmitglied Gaby, &#8230;<\/figcaption><\/figure>\n\n\n\n<figure class=\"wp-block-gallery columns-1 is-cropped\"><ul class=\"blocks-gallery-grid\"><li class=\"blocks-gallery-item\"><figure><a href=\"https:\/\/www.dietricheberle1974mv.de\/wp-content\/uploads\/2023\/12\/IMG_2312-scaled.jpg\"><img loading=\"lazy\" width=\"1024\" height=\"768\" src=\"https:\/\/www.dietricheberle1974mv.de\/wp-content\/uploads\/2023\/12\/IMG_2312-1024x768.jpg\" alt=\"\" data-id=\"19371\" data-full-url=\"https:\/\/www.dietricheberle1974mv.de\/wp-content\/uploads\/2023\/12\/IMG_2312-scaled.jpg\" data-link=\"https:\/\/www.dietricheberle1974mv.de\/?attachment_id=19371\" class=\"wp-image-19371\" srcset=\"https:\/\/www.dietricheberle1974mv.de\/wp-content\/uploads\/2023\/12\/IMG_2312-1024x768.jpg 1024w, https:\/\/www.dietricheberle1974mv.de\/wp-content\/uploads\/2023\/12\/IMG_2312-300x225.jpg 300w, https:\/\/www.dietricheberle1974mv.de\/wp-content\/uploads\/2023\/12\/IMG_2312-768x576.jpg 768w, https:\/\/www.dietricheberle1974mv.de\/wp-content\/uploads\/2023\/12\/IMG_2312-1536x1152.jpg 1536w, https:\/\/www.dietricheberle1974mv.de\/wp-content\/uploads\/2023\/12\/IMG_2312-2048x1536.jpg 2048w\" sizes=\"(max-width: 1024px) 100vw, 1024px\" \/><\/a><\/figure><\/li><\/ul><figcaption class=\"blocks-gallery-caption\">&#8230; ein schnelles Trio mit Rabea, Christoph und Rafael, &#8230;<\/figcaption><\/figure>\n\n\n\n<figure class=\"wp-block-gallery columns-1 is-cropped\"><ul class=\"blocks-gallery-grid\"><li class=\"blocks-gallery-item\"><figure><a href=\"https:\/\/www.dietricheberle1974mv.de\/wp-content\/uploads\/2023\/12\/IMG_2314-scaled.jpg\"><img loading=\"lazy\" width=\"1024\" height=\"768\" src=\"https:\/\/www.dietricheberle1974mv.de\/wp-content\/uploads\/2023\/12\/IMG_2314-1024x768.jpg\" alt=\"\" data-id=\"19373\" data-full-url=\"https:\/\/www.dietricheberle1974mv.de\/wp-content\/uploads\/2023\/12\/IMG_2314-scaled.jpg\" data-link=\"https:\/\/www.dietricheberle1974mv.de\/?attachment_id=19373\" class=\"wp-image-19373\" srcset=\"https:\/\/www.dietricheberle1974mv.de\/wp-content\/uploads\/2023\/12\/IMG_2314-1024x768.jpg 1024w, https:\/\/www.dietricheberle1974mv.de\/wp-content\/uploads\/2023\/12\/IMG_2314-300x225.jpg 300w, https:\/\/www.dietricheberle1974mv.de\/wp-content\/uploads\/2023\/12\/IMG_2314-768x576.jpg 768w, https:\/\/www.dietricheberle1974mv.de\/wp-content\/uploads\/2023\/12\/IMG_2314-1536x1152.jpg 1536w, https:\/\/www.dietricheberle1974mv.de\/wp-content\/uploads\/2023\/12\/IMG_2314-2048x1536.jpg 2048w\" sizes=\"(max-width: 1024px) 100vw, 1024px\" \/><\/a><\/figure><\/li><\/ul><figcaption class=\"blocks-gallery-caption\">&#8230; Mukir, Martina &#8230;<\/figcaption><\/figure>\n\n\n\n<figure class=\"wp-block-gallery columns-1 is-cropped\"><ul class=\"blocks-gallery-grid\"><li class=\"blocks-gallery-item\"><figure><a href=\"https:\/\/www.dietricheberle1974mv.de\/wp-content\/uploads\/2023\/12\/IMG_2317-Thorsten-scaled.jpg\"><img loading=\"lazy\" width=\"1024\" height=\"768\" src=\"https:\/\/www.dietricheberle1974mv.de\/wp-content\/uploads\/2023\/12\/IMG_2317-Thorsten-1024x768.jpg\" alt=\"\" data-id=\"19374\" data-full-url=\"https:\/\/www.dietricheberle1974mv.de\/wp-content\/uploads\/2023\/12\/IMG_2317-Thorsten-scaled.jpg\" data-link=\"https:\/\/www.dietricheberle1974mv.de\/?attachment_id=19374\" class=\"wp-image-19374\" srcset=\"https:\/\/www.dietricheberle1974mv.de\/wp-content\/uploads\/2023\/12\/IMG_2317-Thorsten-1024x768.jpg 1024w, https:\/\/www.dietricheberle1974mv.de\/wp-content\/uploads\/2023\/12\/IMG_2317-Thorsten-300x225.jpg 300w, https:\/\/www.dietricheberle1974mv.de\/wp-content\/uploads\/2023\/12\/IMG_2317-Thorsten-768x576.jpg 768w, https:\/\/www.dietricheberle1974mv.de\/wp-content\/uploads\/2023\/12\/IMG_2317-Thorsten-1536x1152.jpg 1536w, https:\/\/www.dietricheberle1974mv.de\/wp-content\/uploads\/2023\/12\/IMG_2317-Thorsten-2048x1536.jpg 2048w\" sizes=\"(max-width: 1024px) 100vw, 1024px\" \/><\/a><\/figure><\/li><\/ul><figcaption class=\"blocks-gallery-caption\">&#8230; und Thorsten G.<\/figcaption><\/figure>\n\n\n\n<figure class=\"wp-block-gallery columns-1 is-cropped\"><ul class=\"blocks-gallery-grid\"><li class=\"blocks-gallery-item\"><figure><a href=\"https:\/\/www.dietricheberle1974mv.de\/wp-content\/uploads\/2023\/12\/IMG_2321-scaled.jpg\"><img loading=\"lazy\" width=\"1024\" height=\"768\" src=\"https:\/\/www.dietricheberle1974mv.de\/wp-content\/uploads\/2023\/12\/IMG_2321-1024x768.jpg\" alt=\"\" data-id=\"19375\" data-full-url=\"https:\/\/www.dietricheberle1974mv.de\/wp-content\/uploads\/2023\/12\/IMG_2321-scaled.jpg\" data-link=\"https:\/\/www.dietricheberle1974mv.de\/?attachment_id=19375\" class=\"wp-image-19375\" srcset=\"https:\/\/www.dietricheberle1974mv.de\/wp-content\/uploads\/2023\/12\/IMG_2321-1024x768.jpg 1024w, https:\/\/www.dietricheberle1974mv.de\/wp-content\/uploads\/2023\/12\/IMG_2321-300x225.jpg 300w, https:\/\/www.dietricheberle1974mv.de\/wp-content\/uploads\/2023\/12\/IMG_2321-768x576.jpg 768w, https:\/\/www.dietricheberle1974mv.de\/wp-content\/uploads\/2023\/12\/IMG_2321-1536x1152.jpg 1536w, https:\/\/www.dietricheberle1974mv.de\/wp-content\/uploads\/2023\/12\/IMG_2321-2048x1536.jpg 2048w\" sizes=\"(max-width: 1024px) 100vw, 1024px\" \/><\/a><\/figure><\/li><\/ul><figcaption class=\"blocks-gallery-caption\">Am Ende der Runde werde ich von Gunla pers\u00f6nlich durch die &#8222;Klappe&#8220; mit Proviant und Tee versorgt! Es kommt auch schon mal vor, da\u00df Passanten &#8222;Currywurst mit Pommes Schranke&#8220; bestellen wollen!<\/figcaption><\/figure>\n\n\n\n<figure class=\"wp-block-gallery columns-1 is-cropped\"><ul class=\"blocks-gallery-grid\"><li class=\"blocks-gallery-item\"><figure><a href=\"https:\/\/www.dietricheberle1974mv.de\/wp-content\/uploads\/2023\/12\/IMG_2324-scaled.jpg\"><img loading=\"lazy\" width=\"1024\" height=\"768\" src=\"https:\/\/www.dietricheberle1974mv.de\/wp-content\/uploads\/2023\/12\/IMG_2324-1024x768.jpg\" alt=\"\" data-id=\"19376\" data-full-url=\"https:\/\/www.dietricheberle1974mv.de\/wp-content\/uploads\/2023\/12\/IMG_2324-scaled.jpg\" data-link=\"https:\/\/www.dietricheberle1974mv.de\/?attachment_id=19376\" class=\"wp-image-19376\" srcset=\"https:\/\/www.dietricheberle1974mv.de\/wp-content\/uploads\/2023\/12\/IMG_2324-1024x768.jpg 1024w, https:\/\/www.dietricheberle1974mv.de\/wp-content\/uploads\/2023\/12\/IMG_2324-300x225.jpg 300w, https:\/\/www.dietricheberle1974mv.de\/wp-content\/uploads\/2023\/12\/IMG_2324-768x576.jpg 768w, https:\/\/www.dietricheberle1974mv.de\/wp-content\/uploads\/2023\/12\/IMG_2324-1536x1152.jpg 1536w, https:\/\/www.dietricheberle1974mv.de\/wp-content\/uploads\/2023\/12\/IMG_2324-2048x1536.jpg 2048w\" sizes=\"(max-width: 1024px) 100vw, 1024px\" \/><\/a><\/figure><\/li><\/ul><figcaption class=\"blocks-gallery-caption\">Den sch\u00f6nsten Blick haben die L\u00e4ufer hier am Wasser. Da kommt Rosi mit H\u00fcndin Cindy, &#8230;<\/figcaption><\/figure>\n\n\n\n<figure class=\"wp-block-gallery columns-1 is-cropped\"><ul class=\"blocks-gallery-grid\"><li class=\"blocks-gallery-item\"><figure><a href=\"https:\/\/www.dietricheberle1974mv.de\/wp-content\/uploads\/2023\/12\/IMG_2325-scaled.jpg\"><img loading=\"lazy\" width=\"1024\" height=\"768\" src=\"https:\/\/www.dietricheberle1974mv.de\/wp-content\/uploads\/2023\/12\/IMG_2325-1024x768.jpg\" alt=\"\" data-id=\"19377\" data-full-url=\"https:\/\/www.dietricheberle1974mv.de\/wp-content\/uploads\/2023\/12\/IMG_2325-scaled.jpg\" data-link=\"https:\/\/www.dietricheberle1974mv.de\/?attachment_id=19377\" class=\"wp-image-19377\" srcset=\"https:\/\/www.dietricheberle1974mv.de\/wp-content\/uploads\/2023\/12\/IMG_2325-1024x768.jpg 1024w, https:\/\/www.dietricheberle1974mv.de\/wp-content\/uploads\/2023\/12\/IMG_2325-300x225.jpg 300w, https:\/\/www.dietricheberle1974mv.de\/wp-content\/uploads\/2023\/12\/IMG_2325-768x576.jpg 768w, https:\/\/www.dietricheberle1974mv.de\/wp-content\/uploads\/2023\/12\/IMG_2325-1536x1152.jpg 1536w, https:\/\/www.dietricheberle1974mv.de\/wp-content\/uploads\/2023\/12\/IMG_2325-2048x1536.jpg 2048w\" sizes=\"(max-width: 1024px) 100vw, 1024px\" \/><\/a><\/figure><\/li><\/ul><figcaption class=\"blocks-gallery-caption\">&#8230; gefolgt von Frank, Stefan &#8230;<\/figcaption><\/figure>\n\n\n\n<figure class=\"wp-block-gallery columns-1 is-cropped\"><ul class=\"blocks-gallery-grid\"><li class=\"blocks-gallery-item\"><figure><a href=\"https:\/\/www.dietricheberle1974mv.de\/wp-content\/uploads\/2023\/12\/IMG_2327-Roland-scaled.jpg\"><img loading=\"lazy\" width=\"1024\" height=\"768\" src=\"https:\/\/www.dietricheberle1974mv.de\/wp-content\/uploads\/2023\/12\/IMG_2327-Roland-1024x768.jpg\" alt=\"\" data-id=\"19379\" data-full-url=\"https:\/\/www.dietricheberle1974mv.de\/wp-content\/uploads\/2023\/12\/IMG_2327-Roland-scaled.jpg\" data-link=\"https:\/\/www.dietricheberle1974mv.de\/?attachment_id=19379\" class=\"wp-image-19379\" srcset=\"https:\/\/www.dietricheberle1974mv.de\/wp-content\/uploads\/2023\/12\/IMG_2327-Roland-1024x768.jpg 1024w, https:\/\/www.dietricheberle1974mv.de\/wp-content\/uploads\/2023\/12\/IMG_2327-Roland-300x225.jpg 300w, https:\/\/www.dietricheberle1974mv.de\/wp-content\/uploads\/2023\/12\/IMG_2327-Roland-768x576.jpg 768w, https:\/\/www.dietricheberle1974mv.de\/wp-content\/uploads\/2023\/12\/IMG_2327-Roland-1536x1152.jpg 1536w, https:\/\/www.dietricheberle1974mv.de\/wp-content\/uploads\/2023\/12\/IMG_2327-Roland-2048x1536.jpg 2048w\" sizes=\"(max-width: 1024px) 100vw, 1024px\" \/><\/a><\/figure><\/li><\/ul><figcaption class=\"blocks-gallery-caption\">&#8230; und Roland<\/figcaption><\/figure>\n\n\n\n<figure class=\"wp-block-gallery columns-1 is-cropped\"><ul class=\"blocks-gallery-grid\"><li class=\"blocks-gallery-item\"><figure><a href=\"https:\/\/www.dietricheberle1974mv.de\/wp-content\/uploads\/2023\/12\/IMG_2328-scaled.jpg\"><img loading=\"lazy\" width=\"1024\" height=\"768\" src=\"https:\/\/www.dietricheberle1974mv.de\/wp-content\/uploads\/2023\/12\/IMG_2328-1024x768.jpg\" alt=\"\" data-id=\"19380\" data-full-url=\"https:\/\/www.dietricheberle1974mv.de\/wp-content\/uploads\/2023\/12\/IMG_2328-scaled.jpg\" data-link=\"https:\/\/www.dietricheberle1974mv.de\/?attachment_id=19380\" class=\"wp-image-19380\" srcset=\"https:\/\/www.dietricheberle1974mv.de\/wp-content\/uploads\/2023\/12\/IMG_2328-1024x768.jpg 1024w, https:\/\/www.dietricheberle1974mv.de\/wp-content\/uploads\/2023\/12\/IMG_2328-300x225.jpg 300w, https:\/\/www.dietricheberle1974mv.de\/wp-content\/uploads\/2023\/12\/IMG_2328-768x576.jpg 768w, https:\/\/www.dietricheberle1974mv.de\/wp-content\/uploads\/2023\/12\/IMG_2328-1536x1152.jpg 1536w, https:\/\/www.dietricheberle1974mv.de\/wp-content\/uploads\/2023\/12\/IMG_2328-2048x1536.jpg 2048w\" sizes=\"(max-width: 1024px) 100vw, 1024px\" \/><\/a><\/figure><\/li><\/ul><figcaption class=\"blocks-gallery-caption\">Die F\u00e4hre der Color Line l\u00e4uft aus Oslo ein<\/figcaption><\/figure>\n\n\n\n<figure class=\"wp-block-gallery columns-1 is-cropped\"><ul class=\"blocks-gallery-grid\"><li class=\"blocks-gallery-item\"><figure><a href=\"https:\/\/www.dietricheberle1974mv.de\/wp-content\/uploads\/2023\/12\/IMG_0091-scaled.jpg\"><img loading=\"lazy\" width=\"1024\" height=\"768\" src=\"https:\/\/www.dietricheberle1974mv.de\/wp-content\/uploads\/2023\/12\/IMG_0091-1024x768.jpg\" alt=\"\" data-id=\"19381\" data-full-url=\"https:\/\/www.dietricheberle1974mv.de\/wp-content\/uploads\/2023\/12\/IMG_0091-scaled.jpg\" data-link=\"https:\/\/www.dietricheberle1974mv.de\/?attachment_id=19381\" class=\"wp-image-19381\" srcset=\"https:\/\/www.dietricheberle1974mv.de\/wp-content\/uploads\/2023\/12\/IMG_0091-1024x768.jpg 1024w, https:\/\/www.dietricheberle1974mv.de\/wp-content\/uploads\/2023\/12\/IMG_0091-300x225.jpg 300w, https:\/\/www.dietricheberle1974mv.de\/wp-content\/uploads\/2023\/12\/IMG_0091-768x576.jpg 768w, https:\/\/www.dietricheberle1974mv.de\/wp-content\/uploads\/2023\/12\/IMG_0091-1536x1152.jpg 1536w, https:\/\/www.dietricheberle1974mv.de\/wp-content\/uploads\/2023\/12\/IMG_0091-2048x1536.jpg 2048w\" sizes=\"(max-width: 1024px) 100vw, 1024px\" \/><\/a><\/figure><\/li><\/ul><figcaption class=\"blocks-gallery-caption\">Hier wird Klaus fotografisch erwischt &#8230;<\/figcaption><\/figure>\n\n\n\n<figure class=\"wp-block-gallery columns-1 is-cropped\"><ul class=\"blocks-gallery-grid\"><li class=\"blocks-gallery-item\"><figure><a href=\"https:\/\/www.dietricheberle1974mv.de\/wp-content\/uploads\/2023\/12\/IMG_0092-scaled.jpg\"><img loading=\"lazy\" width=\"1024\" height=\"768\" src=\"https:\/\/www.dietricheberle1974mv.de\/wp-content\/uploads\/2023\/12\/IMG_0092-1024x768.jpg\" alt=\"\" data-id=\"19382\" data-full-url=\"https:\/\/www.dietricheberle1974mv.de\/wp-content\/uploads\/2023\/12\/IMG_0092-scaled.jpg\" data-link=\"https:\/\/www.dietricheberle1974mv.de\/?attachment_id=19382\" class=\"wp-image-19382\" srcset=\"https:\/\/www.dietricheberle1974mv.de\/wp-content\/uploads\/2023\/12\/IMG_0092-1024x768.jpg 1024w, https:\/\/www.dietricheberle1974mv.de\/wp-content\/uploads\/2023\/12\/IMG_0092-300x225.jpg 300w, https:\/\/www.dietricheberle1974mv.de\/wp-content\/uploads\/2023\/12\/IMG_0092-768x576.jpg 768w, https:\/\/www.dietricheberle1974mv.de\/wp-content\/uploads\/2023\/12\/IMG_0092-1536x1152.jpg 1536w, https:\/\/www.dietricheberle1974mv.de\/wp-content\/uploads\/2023\/12\/IMG_0092-2048x1536.jpg 2048w\" sizes=\"(max-width: 1024px) 100vw, 1024px\" \/><\/a><\/figure><\/li><\/ul><figcaption class=\"blocks-gallery-caption\">&#8230; von Paparazzi Gunla, sie hat mich jetzt als Strecken-Fotograf abgel\u00f6st, als n\u00e4chster &#8230;<\/figcaption><\/figure>\n\n\n\n<figure class=\"wp-block-gallery columns-1 is-cropped\"><ul class=\"blocks-gallery-grid\"><li class=\"blocks-gallery-item\"><figure><a href=\"https:\/\/www.dietricheberle1974mv.de\/wp-content\/uploads\/2023\/12\/IMG_0095-scaled.jpg\"><img loading=\"lazy\" width=\"1024\" height=\"768\" src=\"https:\/\/www.dietricheberle1974mv.de\/wp-content\/uploads\/2023\/12\/IMG_0095-1024x768.jpg\" alt=\"\" data-id=\"19383\" data-full-url=\"https:\/\/www.dietricheberle1974mv.de\/wp-content\/uploads\/2023\/12\/IMG_0095-scaled.jpg\" data-link=\"https:\/\/www.dietricheberle1974mv.de\/?attachment_id=19383\" class=\"wp-image-19383\" srcset=\"https:\/\/www.dietricheberle1974mv.de\/wp-content\/uploads\/2023\/12\/IMG_0095-1024x768.jpg 1024w, https:\/\/www.dietricheberle1974mv.de\/wp-content\/uploads\/2023\/12\/IMG_0095-300x225.jpg 300w, https:\/\/www.dietricheberle1974mv.de\/wp-content\/uploads\/2023\/12\/IMG_0095-768x576.jpg 768w, https:\/\/www.dietricheberle1974mv.de\/wp-content\/uploads\/2023\/12\/IMG_0095-1536x1152.jpg 1536w, https:\/\/www.dietricheberle1974mv.de\/wp-content\/uploads\/2023\/12\/IMG_0095-2048x1536.jpg 2048w\" sizes=\"(max-width: 1024px) 100vw, 1024px\" \/><\/a><\/figure><\/li><\/ul><figcaption class=\"blocks-gallery-caption\">&#8230; ist Torsten S. dran, &#8230;<\/figcaption><\/figure>\n\n\n\n<figure class=\"wp-block-gallery columns-1 is-cropped\"><ul class=\"blocks-gallery-grid\"><li class=\"blocks-gallery-item\"><figure><a href=\"https:\/\/www.dietricheberle1974mv.de\/wp-content\/uploads\/2023\/12\/IMG_0100-scaled.jpg\"><img loading=\"lazy\" width=\"1024\" height=\"768\" src=\"https:\/\/www.dietricheberle1974mv.de\/wp-content\/uploads\/2023\/12\/IMG_0100-1024x768.jpg\" alt=\"\" data-id=\"19384\" data-full-url=\"https:\/\/www.dietricheberle1974mv.de\/wp-content\/uploads\/2023\/12\/IMG_0100-scaled.jpg\" data-link=\"https:\/\/www.dietricheberle1974mv.de\/?attachment_id=19384\" class=\"wp-image-19384\" srcset=\"https:\/\/www.dietricheberle1974mv.de\/wp-content\/uploads\/2023\/12\/IMG_0100-1024x768.jpg 1024w, https:\/\/www.dietricheberle1974mv.de\/wp-content\/uploads\/2023\/12\/IMG_0100-300x225.jpg 300w, https:\/\/www.dietricheberle1974mv.de\/wp-content\/uploads\/2023\/12\/IMG_0100-768x576.jpg 768w, https:\/\/www.dietricheberle1974mv.de\/wp-content\/uploads\/2023\/12\/IMG_0100-1536x1152.jpg 1536w, https:\/\/www.dietricheberle1974mv.de\/wp-content\/uploads\/2023\/12\/IMG_0100-2048x1537.jpg 2048w\" sizes=\"(max-width: 1024px) 100vw, 1024px\" \/><\/a><\/figure><\/li><\/ul><figcaption class=\"blocks-gallery-caption\">&#8230;dann ein wildes Quartett mit Jessica, Birgit, Thorsten &#8222;Stulle&#8220; und Katrin!<\/figcaption><\/figure>\n\n\n\n<figure class=\"wp-block-gallery columns-1 is-cropped\"><ul class=\"blocks-gallery-grid\"><li class=\"blocks-gallery-item\"><figure><a href=\"https:\/\/www.dietricheberle1974mv.de\/wp-content\/uploads\/2023\/12\/IMG_0102-scaled.jpg\"><img loading=\"lazy\" width=\"1024\" height=\"768\" src=\"https:\/\/www.dietricheberle1974mv.de\/wp-content\/uploads\/2023\/12\/IMG_0102-1024x768.jpg\" alt=\"\" data-id=\"19385\" data-full-url=\"https:\/\/www.dietricheberle1974mv.de\/wp-content\/uploads\/2023\/12\/IMG_0102-scaled.jpg\" data-link=\"https:\/\/www.dietricheberle1974mv.de\/?attachment_id=19385\" class=\"wp-image-19385\" srcset=\"https:\/\/www.dietricheberle1974mv.de\/wp-content\/uploads\/2023\/12\/IMG_0102-1024x768.jpg 1024w, https:\/\/www.dietricheberle1974mv.de\/wp-content\/uploads\/2023\/12\/IMG_0102-300x225.jpg 300w, https:\/\/www.dietricheberle1974mv.de\/wp-content\/uploads\/2023\/12\/IMG_0102-768x576.jpg 768w, https:\/\/www.dietricheberle1974mv.de\/wp-content\/uploads\/2023\/12\/IMG_0102-1536x1152.jpg 1536w, https:\/\/www.dietricheberle1974mv.de\/wp-content\/uploads\/2023\/12\/IMG_0102-2048x1536.jpg 2048w\" sizes=\"(max-width: 1024px) 100vw, 1024px\" \/><\/a><\/figure><\/li><\/ul><figcaption class=\"blocks-gallery-caption\">Da ist Torsten schon wieder, diesmal mit Stefan und Frank!<\/figcaption><\/figure>\n\n\n\n<figure class=\"wp-block-gallery columns-1 is-cropped\"><ul class=\"blocks-gallery-grid\"><li class=\"blocks-gallery-item\"><figure><a href=\"https:\/\/www.dietricheberle1974mv.de\/wp-content\/uploads\/2023\/12\/IMG_0103-scaled.jpg\"><img loading=\"lazy\" width=\"1024\" height=\"768\" src=\"https:\/\/www.dietricheberle1974mv.de\/wp-content\/uploads\/2023\/12\/IMG_0103-1024x768.jpg\" alt=\"\" data-id=\"19386\" data-full-url=\"https:\/\/www.dietricheberle1974mv.de\/wp-content\/uploads\/2023\/12\/IMG_0103-scaled.jpg\" data-link=\"https:\/\/www.dietricheberle1974mv.de\/?attachment_id=19386\" class=\"wp-image-19386\" srcset=\"https:\/\/www.dietricheberle1974mv.de\/wp-content\/uploads\/2023\/12\/IMG_0103-1024x768.jpg 1024w, https:\/\/www.dietricheberle1974mv.de\/wp-content\/uploads\/2023\/12\/IMG_0103-300x225.jpg 300w, https:\/\/www.dietricheberle1974mv.de\/wp-content\/uploads\/2023\/12\/IMG_0103-768x576.jpg 768w, https:\/\/www.dietricheberle1974mv.de\/wp-content\/uploads\/2023\/12\/IMG_0103-1536x1152.jpg 1536w, https:\/\/www.dietricheberle1974mv.de\/wp-content\/uploads\/2023\/12\/IMG_0103-2048x1536.jpg 2048w\" sizes=\"(max-width: 1024px) 100vw, 1024px\" \/><\/a><\/figure><\/li><\/ul><figcaption class=\"blocks-gallery-caption\">Rabea bekommt von uns den &#8222;Ersten Preis f\u00fcr gute Laune auf der Strecke&#8220;!  Mit auf Gunlas Foto sind noch Carsten, Christoph und Rafael<\/figcaption><\/figure>\n\n\n\n<figure class=\"wp-block-gallery columns-1 is-cropped\"><ul class=\"blocks-gallery-grid\"><li class=\"blocks-gallery-item\"><figure><a href=\"https:\/\/www.dietricheberle1974mv.de\/wp-content\/uploads\/2023\/12\/IMG_2337-scaled.jpg\"><img loading=\"lazy\" width=\"1024\" height=\"768\" src=\"https:\/\/www.dietricheberle1974mv.de\/wp-content\/uploads\/2023\/12\/IMG_2337-1024x768.jpg\" alt=\"\" data-id=\"19387\" data-full-url=\"https:\/\/www.dietricheberle1974mv.de\/wp-content\/uploads\/2023\/12\/IMG_2337-scaled.jpg\" data-link=\"https:\/\/www.dietricheberle1974mv.de\/?attachment_id=19387\" class=\"wp-image-19387\" srcset=\"https:\/\/www.dietricheberle1974mv.de\/wp-content\/uploads\/2023\/12\/IMG_2337-1024x768.jpg 1024w, https:\/\/www.dietricheberle1974mv.de\/wp-content\/uploads\/2023\/12\/IMG_2337-300x225.jpg 300w, https:\/\/www.dietricheberle1974mv.de\/wp-content\/uploads\/2023\/12\/IMG_2337-768x576.jpg 768w, https:\/\/www.dietricheberle1974mv.de\/wp-content\/uploads\/2023\/12\/IMG_2337-1536x1152.jpg 1536w, https:\/\/www.dietricheberle1974mv.de\/wp-content\/uploads\/2023\/12\/IMG_2337-2048x1536.jpg 2048w\" sizes=\"(max-width: 1024px) 100vw, 1024px\" \/><\/a><\/figure><\/li><\/ul><figcaption class=\"blocks-gallery-caption\">Mukir ist mir dieses Jahr schon auf verschiedenen Strecken begegnet<\/figcaption><\/figure>\n\n\n\n<figure class=\"wp-block-gallery columns-1 is-cropped\"><ul class=\"blocks-gallery-grid\"><li class=\"blocks-gallery-item\"><figure><a href=\"https:\/\/www.dietricheberle1974mv.de\/wp-content\/uploads\/2023\/12\/IMG_0106-scaled.jpg\"><img loading=\"lazy\" width=\"1024\" height=\"768\" src=\"https:\/\/www.dietricheberle1974mv.de\/wp-content\/uploads\/2023\/12\/IMG_0106-1024x768.jpg\" alt=\"\" data-id=\"19389\" data-full-url=\"https:\/\/www.dietricheberle1974mv.de\/wp-content\/uploads\/2023\/12\/IMG_0106-scaled.jpg\" data-link=\"https:\/\/www.dietricheberle1974mv.de\/?attachment_id=19389\" class=\"wp-image-19389\" srcset=\"https:\/\/www.dietricheberle1974mv.de\/wp-content\/uploads\/2023\/12\/IMG_0106-1024x768.jpg 1024w, https:\/\/www.dietricheberle1974mv.de\/wp-content\/uploads\/2023\/12\/IMG_0106-300x225.jpg 300w, https:\/\/www.dietricheberle1974mv.de\/wp-content\/uploads\/2023\/12\/IMG_0106-768x576.jpg 768w, https:\/\/www.dietricheberle1974mv.de\/wp-content\/uploads\/2023\/12\/IMG_0106-1536x1152.jpg 1536w, https:\/\/www.dietricheberle1974mv.de\/wp-content\/uploads\/2023\/12\/IMG_0106-2048x1537.jpg 2048w\" sizes=\"(max-width: 1024px) 100vw, 1024px\" \/><\/a><\/figure><\/li><\/ul><figcaption class=\"blocks-gallery-caption\">Dirk kommt gerade von Start und Ziel<\/figcaption><\/figure>\n\n\n\n<figure class=\"wp-block-gallery columns-1 is-cropped\"><ul class=\"blocks-gallery-grid\"><li class=\"blocks-gallery-item\"><figure><a href=\"https:\/\/www.dietricheberle1974mv.de\/wp-content\/uploads\/2023\/12\/IMG_2338-scaled.jpg\"><img loading=\"lazy\" width=\"1024\" height=\"768\" src=\"https:\/\/www.dietricheberle1974mv.de\/wp-content\/uploads\/2023\/12\/IMG_2338-1024x768.jpg\" alt=\"\" data-id=\"19390\" data-full-url=\"https:\/\/www.dietricheberle1974mv.de\/wp-content\/uploads\/2023\/12\/IMG_2338-scaled.jpg\" data-link=\"https:\/\/www.dietricheberle1974mv.de\/?attachment_id=19390\" class=\"wp-image-19390\" srcset=\"https:\/\/www.dietricheberle1974mv.de\/wp-content\/uploads\/2023\/12\/IMG_2338-1024x768.jpg 1024w, https:\/\/www.dietricheberle1974mv.de\/wp-content\/uploads\/2023\/12\/IMG_2338-300x225.jpg 300w, https:\/\/www.dietricheberle1974mv.de\/wp-content\/uploads\/2023\/12\/IMG_2338-768x576.jpg 768w, https:\/\/www.dietricheberle1974mv.de\/wp-content\/uploads\/2023\/12\/IMG_2338-1536x1152.jpg 1536w, https:\/\/www.dietricheberle1974mv.de\/wp-content\/uploads\/2023\/12\/IMG_2338-2048x1536.jpg 2048w\" sizes=\"(max-width: 1024px) 100vw, 1024px\" \/><\/a><\/figure><\/li><\/ul><figcaption class=\"blocks-gallery-caption\">Wieder 2 Fotos von mir, Cornelia ist mit flottem Schritt unterwegs, &#8230;<\/figcaption><\/figure>\n\n\n\n<figure class=\"wp-block-gallery columns-1 is-cropped\"><ul class=\"blocks-gallery-grid\"><li class=\"blocks-gallery-item\"><figure><a href=\"https:\/\/www.dietricheberle1974mv.de\/wp-content\/uploads\/2023\/12\/IMG_2340-scaled.jpg\"><img loading=\"lazy\" width=\"1024\" height=\"768\" src=\"https:\/\/www.dietricheberle1974mv.de\/wp-content\/uploads\/2023\/12\/IMG_2340-1024x768.jpg\" alt=\"\" data-id=\"19391\" data-full-url=\"https:\/\/www.dietricheberle1974mv.de\/wp-content\/uploads\/2023\/12\/IMG_2340-scaled.jpg\" data-link=\"https:\/\/www.dietricheberle1974mv.de\/?attachment_id=19391\" class=\"wp-image-19391\" srcset=\"https:\/\/www.dietricheberle1974mv.de\/wp-content\/uploads\/2023\/12\/IMG_2340-1024x768.jpg 1024w, https:\/\/www.dietricheberle1974mv.de\/wp-content\/uploads\/2023\/12\/IMG_2340-300x225.jpg 300w, https:\/\/www.dietricheberle1974mv.de\/wp-content\/uploads\/2023\/12\/IMG_2340-768x576.jpg 768w, https:\/\/www.dietricheberle1974mv.de\/wp-content\/uploads\/2023\/12\/IMG_2340-1536x1152.jpg 1536w, https:\/\/www.dietricheberle1974mv.de\/wp-content\/uploads\/2023\/12\/IMG_2340-2048x1536.jpg 2048w\" sizes=\"(max-width: 1024px) 100vw, 1024px\" \/><\/a><\/figure><\/li><\/ul><figcaption class=\"blocks-gallery-caption\">&#8230; genau wie Thorsten G.<\/figcaption><\/figure>\n\n\n\n<figure class=\"wp-block-gallery columns-1 is-cropped\"><ul class=\"blocks-gallery-grid\"><li class=\"blocks-gallery-item\"><figure><a href=\"https:\/\/www.dietricheberle1974mv.de\/wp-content\/uploads\/2023\/12\/IMG_0124-scaled.jpg\"><img loading=\"lazy\" width=\"1024\" height=\"768\" src=\"https:\/\/www.dietricheberle1974mv.de\/wp-content\/uploads\/2023\/12\/IMG_0124-1024x768.jpg\" alt=\"\" data-id=\"19392\" data-full-url=\"https:\/\/www.dietricheberle1974mv.de\/wp-content\/uploads\/2023\/12\/IMG_0124-scaled.jpg\" data-link=\"https:\/\/www.dietricheberle1974mv.de\/?attachment_id=19392\" class=\"wp-image-19392\" srcset=\"https:\/\/www.dietricheberle1974mv.de\/wp-content\/uploads\/2023\/12\/IMG_0124-1024x768.jpg 1024w, https:\/\/www.dietricheberle1974mv.de\/wp-content\/uploads\/2023\/12\/IMG_0124-300x225.jpg 300w, https:\/\/www.dietricheberle1974mv.de\/wp-content\/uploads\/2023\/12\/IMG_0124-768x576.jpg 768w, https:\/\/www.dietricheberle1974mv.de\/wp-content\/uploads\/2023\/12\/IMG_0124-1536x1152.jpg 1536w, https:\/\/www.dietricheberle1974mv.de\/wp-content\/uploads\/2023\/12\/IMG_0124-2048x1536.jpg 2048w\" sizes=\"(max-width: 1024px) 100vw, 1024px\" \/><\/a><\/figure><\/li><\/ul><figcaption class=\"blocks-gallery-caption\">Dirk im Ziel!<\/figcaption><\/figure>\n\n\n\n<figure class=\"wp-block-gallery columns-1 is-cropped\"><ul class=\"blocks-gallery-grid\"><li class=\"blocks-gallery-item\"><figure><a href=\"https:\/\/www.dietricheberle1974mv.de\/wp-content\/uploads\/2023\/12\/IMG_0130-scaled.jpg\"><img loading=\"lazy\" width=\"1024\" height=\"768\" src=\"https:\/\/www.dietricheberle1974mv.de\/wp-content\/uploads\/2023\/12\/IMG_0130-1024x768.jpg\" alt=\"\" data-id=\"19393\" data-full-url=\"https:\/\/www.dietricheberle1974mv.de\/wp-content\/uploads\/2023\/12\/IMG_0130-scaled.jpg\" data-link=\"https:\/\/www.dietricheberle1974mv.de\/?attachment_id=19393\" class=\"wp-image-19393\" srcset=\"https:\/\/www.dietricheberle1974mv.de\/wp-content\/uploads\/2023\/12\/IMG_0130-1024x768.jpg 1024w, https:\/\/www.dietricheberle1974mv.de\/wp-content\/uploads\/2023\/12\/IMG_0130-300x225.jpg 300w, https:\/\/www.dietricheberle1974mv.de\/wp-content\/uploads\/2023\/12\/IMG_0130-768x576.jpg 768w, https:\/\/www.dietricheberle1974mv.de\/wp-content\/uploads\/2023\/12\/IMG_0130-1536x1152.jpg 1536w, https:\/\/www.dietricheberle1974mv.de\/wp-content\/uploads\/2023\/12\/IMG_0130-2048x1535.jpg 2048w\" sizes=\"(max-width: 1024px) 100vw, 1024px\" \/><\/a><\/figure><\/li><\/ul><figcaption class=\"blocks-gallery-caption\">Martina hat heute 25,2 km geschafft!<\/figcaption><\/figure>\n\n\n\n<figure class=\"wp-block-gallery columns-1 is-cropped\"><ul class=\"blocks-gallery-grid\"><li class=\"blocks-gallery-item\"><figure><a href=\"https:\/\/www.dietricheberle1974mv.de\/wp-content\/uploads\/2023\/12\/IMG_0134-scaled.jpg\"><img loading=\"lazy\" width=\"1024\" height=\"768\" src=\"https:\/\/www.dietricheberle1974mv.de\/wp-content\/uploads\/2023\/12\/IMG_0134-1024x768.jpg\" alt=\"\" data-id=\"19394\" data-full-url=\"https:\/\/www.dietricheberle1974mv.de\/wp-content\/uploads\/2023\/12\/IMG_0134-scaled.jpg\" data-link=\"https:\/\/www.dietricheberle1974mv.de\/?attachment_id=19394\" class=\"wp-image-19394\" srcset=\"https:\/\/www.dietricheberle1974mv.de\/wp-content\/uploads\/2023\/12\/IMG_0134-1024x768.jpg 1024w, https:\/\/www.dietricheberle1974mv.de\/wp-content\/uploads\/2023\/12\/IMG_0134-300x225.jpg 300w, https:\/\/www.dietricheberle1974mv.de\/wp-content\/uploads\/2023\/12\/IMG_0134-768x576.jpg 768w, https:\/\/www.dietricheberle1974mv.de\/wp-content\/uploads\/2023\/12\/IMG_0134-1536x1152.jpg 1536w, https:\/\/www.dietricheberle1974mv.de\/wp-content\/uploads\/2023\/12\/IMG_0134-2048x1536.jpg 2048w\" sizes=\"(max-width: 1024px) 100vw, 1024px\" \/><\/a><\/figure><\/li><\/ul><figcaption class=\"blocks-gallery-caption\">Wieder mal ein Jubilar, Wojciech eingerahmt von &#8222;Stulle&#8220; und Katrin!<\/figcaption><\/figure>\n\n\n\n<figure class=\"wp-block-gallery columns-1 is-cropped\"><ul class=\"blocks-gallery-grid\"><li class=\"blocks-gallery-item\"><figure><a href=\"https:\/\/www.dietricheberle1974mv.de\/wp-content\/uploads\/2023\/12\/IMG_0136-scaled.jpg\"><img loading=\"lazy\" width=\"1024\" height=\"768\" src=\"https:\/\/www.dietricheberle1974mv.de\/wp-content\/uploads\/2023\/12\/IMG_0136-1024x768.jpg\" alt=\"\" data-id=\"19395\" data-full-url=\"https:\/\/www.dietricheberle1974mv.de\/wp-content\/uploads\/2023\/12\/IMG_0136-scaled.jpg\" data-link=\"https:\/\/www.dietricheberle1974mv.de\/?attachment_id=19395\" class=\"wp-image-19395\" srcset=\"https:\/\/www.dietricheberle1974mv.de\/wp-content\/uploads\/2023\/12\/IMG_0136-1024x768.jpg 1024w, https:\/\/www.dietricheberle1974mv.de\/wp-content\/uploads\/2023\/12\/IMG_0136-300x225.jpg 300w, https:\/\/www.dietricheberle1974mv.de\/wp-content\/uploads\/2023\/12\/IMG_0136-768x576.jpg 768w, https:\/\/www.dietricheberle1974mv.de\/wp-content\/uploads\/2023\/12\/IMG_0136-1536x1152.jpg 1536w, https:\/\/www.dietricheberle1974mv.de\/wp-content\/uploads\/2023\/12\/IMG_0136-2048x1536.jpg 2048w\" sizes=\"(max-width: 1024px) 100vw, 1024px\" \/><\/a><\/figure><\/li><\/ul><figcaption class=\"blocks-gallery-caption\">Da kann der andere Jubilar nicht fehlen, es ist Davor, begleitet von Roland!<\/figcaption><\/figure>\n\n\n\n<figure class=\"wp-block-gallery columns-1 is-cropped\"><ul class=\"blocks-gallery-grid\"><li class=\"blocks-gallery-item\"><figure><a href=\"https:\/\/www.dietricheberle1974mv.de\/wp-content\/uploads\/2023\/12\/IMG_0138-scaled.jpg\"><img loading=\"lazy\" width=\"1024\" height=\"768\" src=\"https:\/\/www.dietricheberle1974mv.de\/wp-content\/uploads\/2023\/12\/IMG_0138-1024x768.jpg\" alt=\"\" data-id=\"19397\" data-full-url=\"https:\/\/www.dietricheberle1974mv.de\/wp-content\/uploads\/2023\/12\/IMG_0138-scaled.jpg\" data-link=\"https:\/\/www.dietricheberle1974mv.de\/?attachment_id=19397\" class=\"wp-image-19397\" srcset=\"https:\/\/www.dietricheberle1974mv.de\/wp-content\/uploads\/2023\/12\/IMG_0138-1024x768.jpg 1024w, https:\/\/www.dietricheberle1974mv.de\/wp-content\/uploads\/2023\/12\/IMG_0138-300x225.jpg 300w, https:\/\/www.dietricheberle1974mv.de\/wp-content\/uploads\/2023\/12\/IMG_0138-768x576.jpg 768w, https:\/\/www.dietricheberle1974mv.de\/wp-content\/uploads\/2023\/12\/IMG_0138-1536x1152.jpg 1536w, https:\/\/www.dietricheberle1974mv.de\/wp-content\/uploads\/2023\/12\/IMG_0138-2048x1536.jpg 2048w\" sizes=\"(max-width: 1024px) 100vw, 1024px\" \/><\/a><\/figure><\/li><\/ul><figcaption class=\"blocks-gallery-caption\">Gaby zusammen mit dem &#8222;Erfinder&#8220; dieser sch\u00f6nen Strecke, Sigi, er hat heute einen Halbmarathon gefinisht!<\/figcaption><\/figure>\n\n\n\n<figure class=\"wp-block-gallery columns-1 is-cropped\"><ul class=\"blocks-gallery-grid\"><li class=\"blocks-gallery-item\"><figure><a href=\"https:\/\/www.dietricheberle1974mv.de\/wp-content\/uploads\/2023\/12\/IMG_0140.jpg\"><img loading=\"lazy\" width=\"1024\" height=\"768\" src=\"https:\/\/www.dietricheberle1974mv.de\/wp-content\/uploads\/2023\/12\/IMG_0140-1024x768.jpg\" alt=\"\" data-id=\"19399\" data-full-url=\"https:\/\/www.dietricheberle1974mv.de\/wp-content\/uploads\/2023\/12\/IMG_0140.jpg\" data-link=\"https:\/\/www.dietricheberle1974mv.de\/?attachment_id=19399\" class=\"wp-image-19399\" srcset=\"https:\/\/www.dietricheberle1974mv.de\/wp-content\/uploads\/2023\/12\/IMG_0140-1024x768.jpg 1024w, https:\/\/www.dietricheberle1974mv.de\/wp-content\/uploads\/2023\/12\/IMG_0140-300x225.jpg 300w, https:\/\/www.dietricheberle1974mv.de\/wp-content\/uploads\/2023\/12\/IMG_0140-768x576.jpg 768w, https:\/\/www.dietricheberle1974mv.de\/wp-content\/uploads\/2023\/12\/IMG_0140-1536x1152.jpg 1536w, https:\/\/www.dietricheberle1974mv.de\/wp-content\/uploads\/2023\/12\/IMG_0140-2048x1536.jpg 2048w\" sizes=\"(max-width: 1024px) 100vw, 1024px\" \/><\/a><\/figure><\/li><\/ul><figcaption class=\"blocks-gallery-caption\">Auch Jessica und Birgit k\u00f6nnen Gunla nicht entkommen, &#8230;<\/figcaption><\/figure>\n\n\n\n<figure class=\"wp-block-gallery columns-1 is-cropped\"><ul class=\"blocks-gallery-grid\"><li class=\"blocks-gallery-item\"><figure><a href=\"https:\/\/www.dietricheberle1974mv.de\/wp-content\/uploads\/2023\/12\/IMG_0143-scaled.jpg\"><img loading=\"lazy\" width=\"1024\" height=\"768\" src=\"https:\/\/www.dietricheberle1974mv.de\/wp-content\/uploads\/2023\/12\/IMG_0143-1024x768.jpg\" alt=\"\" data-id=\"19400\" data-full-url=\"https:\/\/www.dietricheberle1974mv.de\/wp-content\/uploads\/2023\/12\/IMG_0143-scaled.jpg\" data-link=\"https:\/\/www.dietricheberle1974mv.de\/?attachment_id=19400\" class=\"wp-image-19400\" srcset=\"https:\/\/www.dietricheberle1974mv.de\/wp-content\/uploads\/2023\/12\/IMG_0143-1024x768.jpg 1024w, https:\/\/www.dietricheberle1974mv.de\/wp-content\/uploads\/2023\/12\/IMG_0143-300x225.jpg 300w, https:\/\/www.dietricheberle1974mv.de\/wp-content\/uploads\/2023\/12\/IMG_0143-768x576.jpg 768w, https:\/\/www.dietricheberle1974mv.de\/wp-content\/uploads\/2023\/12\/IMG_0143-1536x1152.jpg 1536w, https:\/\/www.dietricheberle1974mv.de\/wp-content\/uploads\/2023\/12\/IMG_0143-2048x1536.jpg 2048w\" sizes=\"(max-width: 1024px) 100vw, 1024px\" \/><\/a><\/figure><\/li><\/ul><figcaption class=\"blocks-gallery-caption\">&#8230; genauso wie Carsten, der 25,2 km geschafft hat, und Alexander<\/figcaption><\/figure>\n\n\n\n<figure class=\"wp-block-gallery columns-1 is-cropped\"><ul class=\"blocks-gallery-grid\"><li class=\"blocks-gallery-item\"><figure><a href=\"https:\/\/www.dietricheberle1974mv.de\/wp-content\/uploads\/2023\/12\/IMG_0144-scaled.jpg\"><img loading=\"lazy\" width=\"1024\" height=\"768\" src=\"https:\/\/www.dietricheberle1974mv.de\/wp-content\/uploads\/2023\/12\/IMG_0144-1024x768.jpg\" alt=\"\" data-id=\"19401\" data-full-url=\"https:\/\/www.dietricheberle1974mv.de\/wp-content\/uploads\/2023\/12\/IMG_0144-scaled.jpg\" data-link=\"https:\/\/www.dietricheberle1974mv.de\/?attachment_id=19401\" class=\"wp-image-19401\" srcset=\"https:\/\/www.dietricheberle1974mv.de\/wp-content\/uploads\/2023\/12\/IMG_0144-1024x768.jpg 1024w, https:\/\/www.dietricheberle1974mv.de\/wp-content\/uploads\/2023\/12\/IMG_0144-300x225.jpg 300w, https:\/\/www.dietricheberle1974mv.de\/wp-content\/uploads\/2023\/12\/IMG_0144-768x576.jpg 768w, https:\/\/www.dietricheberle1974mv.de\/wp-content\/uploads\/2023\/12\/IMG_0144-1536x1152.jpg 1536w, https:\/\/www.dietricheberle1974mv.de\/wp-content\/uploads\/2023\/12\/IMG_0144-2048x1536.jpg 2048w\" sizes=\"(max-width: 1024px) 100vw, 1024px\" \/><\/a><\/figure><\/li><\/ul><figcaption class=\"blocks-gallery-caption\">Zielfoto der beiden schnellsten L\u00e4ufer, Christoph und Rafael<\/figcaption><\/figure>\n\n\n\n<figure class=\"wp-block-gallery columns-1 is-cropped\"><ul class=\"blocks-gallery-grid\"><li class=\"blocks-gallery-item\"><figure><a href=\"https:\/\/www.dietricheberle1974mv.de\/wp-content\/uploads\/2023\/12\/IMG_0147-scaled.jpg\"><img loading=\"lazy\" width=\"1024\" height=\"768\" src=\"https:\/\/www.dietricheberle1974mv.de\/wp-content\/uploads\/2023\/12\/IMG_0147-1024x768.jpg\" alt=\"\" data-id=\"19402\" data-full-url=\"https:\/\/www.dietricheberle1974mv.de\/wp-content\/uploads\/2023\/12\/IMG_0147-scaled.jpg\" data-link=\"https:\/\/www.dietricheberle1974mv.de\/?attachment_id=19402\" class=\"wp-image-19402\" srcset=\"https:\/\/www.dietricheberle1974mv.de\/wp-content\/uploads\/2023\/12\/IMG_0147-1024x768.jpg 1024w, https:\/\/www.dietricheberle1974mv.de\/wp-content\/uploads\/2023\/12\/IMG_0147-300x225.jpg 300w, https:\/\/www.dietricheberle1974mv.de\/wp-content\/uploads\/2023\/12\/IMG_0147-768x576.jpg 768w, https:\/\/www.dietricheberle1974mv.de\/wp-content\/uploads\/2023\/12\/IMG_0147-1536x1152.jpg 1536w, https:\/\/www.dietricheberle1974mv.de\/wp-content\/uploads\/2023\/12\/IMG_0147-2048x1536.jpg 2048w\" sizes=\"(max-width: 1024px) 100vw, 1024px\" \/><\/a><\/figure><\/li><\/ul><figcaption class=\"blocks-gallery-caption\">Ich habe auch rechtzeitig gefinisht, &#8230;<\/figcaption><\/figure>\n\n\n\n<figure class=\"wp-block-gallery columns-1 is-cropped\"><ul class=\"blocks-gallery-grid\"><li class=\"blocks-gallery-item\"><figure><a href=\"https:\/\/www.dietricheberle1974mv.de\/wp-content\/uploads\/2023\/12\/IMG_2342-scaled.jpg\"><img loading=\"lazy\" width=\"1024\" height=\"768\" src=\"https:\/\/www.dietricheberle1974mv.de\/wp-content\/uploads\/2023\/12\/IMG_2342-1024x768.jpg\" alt=\"\" data-id=\"19403\" data-full-url=\"https:\/\/www.dietricheberle1974mv.de\/wp-content\/uploads\/2023\/12\/IMG_2342-scaled.jpg\" data-link=\"https:\/\/www.dietricheberle1974mv.de\/?attachment_id=19403\" class=\"wp-image-19403\" srcset=\"https:\/\/www.dietricheberle1974mv.de\/wp-content\/uploads\/2023\/12\/IMG_2342-1024x768.jpg 1024w, https:\/\/www.dietricheberle1974mv.de\/wp-content\/uploads\/2023\/12\/IMG_2342-300x225.jpg 300w, https:\/\/www.dietricheberle1974mv.de\/wp-content\/uploads\/2023\/12\/IMG_2342-768x576.jpg 768w, https:\/\/www.dietricheberle1974mv.de\/wp-content\/uploads\/2023\/12\/IMG_2342-1536x1152.jpg 1536w, https:\/\/www.dietricheberle1974mv.de\/wp-content\/uploads\/2023\/12\/IMG_2342-2048x1536.jpg 2048w\" sizes=\"(max-width: 1024px) 100vw, 1024px\" \/><\/a><\/figure><\/li><\/ul><figcaption class=\"blocks-gallery-caption\">&#8230; um den Weihnachtsbaum zu bewundern &#8230;<\/figcaption><\/figure>\n\n\n\n<figure class=\"wp-block-gallery columns-1 is-cropped\"><ul class=\"blocks-gallery-grid\"><li class=\"blocks-gallery-item\"><figure><a href=\"https:\/\/www.dietricheberle1974mv.de\/wp-content\/uploads\/2023\/12\/IMG_0153-scaled.jpg\"><img loading=\"lazy\" width=\"1024\" height=\"768\" src=\"https:\/\/www.dietricheberle1974mv.de\/wp-content\/uploads\/2023\/12\/IMG_0153-1024x768.jpg\" alt=\"\" data-id=\"19405\" data-full-url=\"https:\/\/www.dietricheberle1974mv.de\/wp-content\/uploads\/2023\/12\/IMG_0153-scaled.jpg\" data-link=\"https:\/\/www.dietricheberle1974mv.de\/?attachment_id=19405\" class=\"wp-image-19405\" srcset=\"https:\/\/www.dietricheberle1974mv.de\/wp-content\/uploads\/2023\/12\/IMG_0153-1024x768.jpg 1024w, https:\/\/www.dietricheberle1974mv.de\/wp-content\/uploads\/2023\/12\/IMG_0153-300x225.jpg 300w, https:\/\/www.dietricheberle1974mv.de\/wp-content\/uploads\/2023\/12\/IMG_0153-768x576.jpg 768w, https:\/\/www.dietricheberle1974mv.de\/wp-content\/uploads\/2023\/12\/IMG_0153-1536x1152.jpg 1536w, https:\/\/www.dietricheberle1974mv.de\/wp-content\/uploads\/2023\/12\/IMG_0153-2048x1536.jpg 2048w\" sizes=\"(max-width: 1024px) 100vw, 1024px\" \/><\/a><\/figure><\/li><\/ul><figcaption class=\"blocks-gallery-caption\">&#8230; und die Jubilare Davor und Wojciech im Ziel jubelnd zu empfangen!<\/figcaption><\/figure>\n\n\n\n<figure class=\"wp-block-gallery columns-1 is-cropped\"><ul class=\"blocks-gallery-grid\"><li class=\"blocks-gallery-item\"><figure><a href=\"https:\/\/www.dietricheberle1974mv.de\/wp-content\/uploads\/2023\/12\/IMG_0155-scaled.jpg\"><img loading=\"lazy\" width=\"1024\" height=\"768\" src=\"https:\/\/www.dietricheberle1974mv.de\/wp-content\/uploads\/2023\/12\/IMG_0155-1024x768.jpg\" alt=\"\" data-id=\"19406\" data-full-url=\"https:\/\/www.dietricheberle1974mv.de\/wp-content\/uploads\/2023\/12\/IMG_0155-scaled.jpg\" data-link=\"https:\/\/www.dietricheberle1974mv.de\/?attachment_id=19406\" class=\"wp-image-19406\" srcset=\"https:\/\/www.dietricheberle1974mv.de\/wp-content\/uploads\/2023\/12\/IMG_0155-1024x768.jpg 1024w, https:\/\/www.dietricheberle1974mv.de\/wp-content\/uploads\/2023\/12\/IMG_0155-300x225.jpg 300w, https:\/\/www.dietricheberle1974mv.de\/wp-content\/uploads\/2023\/12\/IMG_0155-768x576.jpg 768w, https:\/\/www.dietricheberle1974mv.de\/wp-content\/uploads\/2023\/12\/IMG_0155-1536x1152.jpg 1536w, https:\/\/www.dietricheberle1974mv.de\/wp-content\/uploads\/2023\/12\/IMG_0155-2048x1536.jpg 2048w\" sizes=\"(max-width: 1024px) 100vw, 1024px\" \/><\/a><\/figure><\/li><\/ul><figcaption class=\"blocks-gallery-caption\">Herzlichen Gl\u00fcckwunsch an Davor zum 300. und an Wojciech zum 400. !!<\/figcaption><\/figure>\n\n\n\n<figure class=\"wp-block-gallery columns-1 is-cropped\"><ul class=\"blocks-gallery-grid\"><li class=\"blocks-gallery-item\"><figure><a href=\"https:\/\/www.dietricheberle1974mv.de\/wp-content\/uploads\/2023\/12\/IMG_0158-scaled.jpg\"><img loading=\"lazy\" width=\"1024\" height=\"768\" src=\"https:\/\/www.dietricheberle1974mv.de\/wp-content\/uploads\/2023\/12\/IMG_0158-1024x768.jpg\" alt=\"\" data-id=\"19407\" data-full-url=\"https:\/\/www.dietricheberle1974mv.de\/wp-content\/uploads\/2023\/12\/IMG_0158-scaled.jpg\" data-link=\"https:\/\/www.dietricheberle1974mv.de\/?attachment_id=19407\" class=\"wp-image-19407\" srcset=\"https:\/\/www.dietricheberle1974mv.de\/wp-content\/uploads\/2023\/12\/IMG_0158-1024x768.jpg 1024w, https:\/\/www.dietricheberle1974mv.de\/wp-content\/uploads\/2023\/12\/IMG_0158-300x225.jpg 300w, https:\/\/www.dietricheberle1974mv.de\/wp-content\/uploads\/2023\/12\/IMG_0158-768x576.jpg 768w, https:\/\/www.dietricheberle1974mv.de\/wp-content\/uploads\/2023\/12\/IMG_0158-1536x1152.jpg 1536w, https:\/\/www.dietricheberle1974mv.de\/wp-content\/uploads\/2023\/12\/IMG_0158-2048x1536.jpg 2048w\" sizes=\"(max-width: 1024px) 100vw, 1024px\" \/><\/a><\/figure><\/li><\/ul><figcaption class=\"blocks-gallery-caption\">Die Ehrung nimmt Gaby vor, sie \u00fcbergibt &#8230;<\/figcaption><\/figure>\n\n\n\n<figure class=\"wp-block-gallery columns-1 is-cropped\"><ul class=\"blocks-gallery-grid\"><li class=\"blocks-gallery-item\"><figure><a href=\"https:\/\/www.dietricheberle1974mv.de\/wp-content\/uploads\/2023\/12\/IMG_0159-scaled.jpg\"><img loading=\"lazy\" width=\"1024\" height=\"768\" src=\"https:\/\/www.dietricheberle1974mv.de\/wp-content\/uploads\/2023\/12\/IMG_0159-1024x768.jpg\" alt=\"\" data-id=\"19408\" data-full-url=\"https:\/\/www.dietricheberle1974mv.de\/wp-content\/uploads\/2023\/12\/IMG_0159-scaled.jpg\" data-link=\"https:\/\/www.dietricheberle1974mv.de\/?attachment_id=19408\" class=\"wp-image-19408\" srcset=\"https:\/\/www.dietricheberle1974mv.de\/wp-content\/uploads\/2023\/12\/IMG_0159-1024x768.jpg 1024w, https:\/\/www.dietricheberle1974mv.de\/wp-content\/uploads\/2023\/12\/IMG_0159-300x225.jpg 300w, https:\/\/www.dietricheberle1974mv.de\/wp-content\/uploads\/2023\/12\/IMG_0159-768x576.jpg 768w, https:\/\/www.dietricheberle1974mv.de\/wp-content\/uploads\/2023\/12\/IMG_0159-1536x1152.jpg 1536w, https:\/\/www.dietricheberle1974mv.de\/wp-content\/uploads\/2023\/12\/IMG_0159-2048x1536.jpg 2048w\" sizes=\"(max-width: 1024px) 100vw, 1024px\" \/><\/a><\/figure><\/li><\/ul><figcaption class=\"blocks-gallery-caption\">&#8230; die Urkunde f\u00fcr Davor &#8230;<\/figcaption><\/figure>\n\n\n\n<figure class=\"wp-block-gallery columns-1 is-cropped\"><ul class=\"blocks-gallery-grid\"><li class=\"blocks-gallery-item\"><figure><a href=\"https:\/\/www.dietricheberle1974mv.de\/wp-content\/uploads\/2023\/12\/IMG_0163-scaled.jpg\"><img loading=\"lazy\" width=\"1024\" height=\"768\" src=\"https:\/\/www.dietricheberle1974mv.de\/wp-content\/uploads\/2023\/12\/IMG_0163-1024x768.jpg\" alt=\"\" data-id=\"19409\" data-full-url=\"https:\/\/www.dietricheberle1974mv.de\/wp-content\/uploads\/2023\/12\/IMG_0163-scaled.jpg\" data-link=\"https:\/\/www.dietricheberle1974mv.de\/?attachment_id=19409\" class=\"wp-image-19409\" srcset=\"https:\/\/www.dietricheberle1974mv.de\/wp-content\/uploads\/2023\/12\/IMG_0163-1024x768.jpg 1024w, https:\/\/www.dietricheberle1974mv.de\/wp-content\/uploads\/2023\/12\/IMG_0163-300x225.jpg 300w, https:\/\/www.dietricheberle1974mv.de\/wp-content\/uploads\/2023\/12\/IMG_0163-768x576.jpg 768w, https:\/\/www.dietricheberle1974mv.de\/wp-content\/uploads\/2023\/12\/IMG_0163-1536x1152.jpg 1536w, https:\/\/www.dietricheberle1974mv.de\/wp-content\/uploads\/2023\/12\/IMG_0163-2048x1536.jpg 2048w\" sizes=\"(max-width: 1024px) 100vw, 1024px\" \/><\/a><\/figure><\/li><\/ul><figcaption class=\"blocks-gallery-caption\">&#8230; und f\u00fcr Wojciech!<\/figcaption><\/figure>\n\n\n\n<figure class=\"wp-block-gallery columns-1 is-cropped\"><ul class=\"blocks-gallery-grid\"><li class=\"blocks-gallery-item\"><figure><a href=\"https:\/\/www.dietricheberle1974mv.de\/wp-content\/uploads\/2023\/12\/IMG_0167.jpg\"><img loading=\"lazy\" width=\"1024\" height=\"768\" src=\"https:\/\/www.dietricheberle1974mv.de\/wp-content\/uploads\/2023\/12\/IMG_0167-1024x768.jpg\" alt=\"\" data-id=\"19410\" data-full-url=\"https:\/\/www.dietricheberle1974mv.de\/wp-content\/uploads\/2023\/12\/IMG_0167.jpg\" data-link=\"https:\/\/www.dietricheberle1974mv.de\/?attachment_id=19410\" class=\"wp-image-19410\" srcset=\"https:\/\/www.dietricheberle1974mv.de\/wp-content\/uploads\/2023\/12\/IMG_0167-1024x768.jpg 1024w, https:\/\/www.dietricheberle1974mv.de\/wp-content\/uploads\/2023\/12\/IMG_0167-300x225.jpg 300w, https:\/\/www.dietricheberle1974mv.de\/wp-content\/uploads\/2023\/12\/IMG_0167-768x576.jpg 768w, https:\/\/www.dietricheberle1974mv.de\/wp-content\/uploads\/2023\/12\/IMG_0167-1536x1152.jpg 1536w, https:\/\/www.dietricheberle1974mv.de\/wp-content\/uploads\/2023\/12\/IMG_0167-2048x1536.jpg 2048w\" sizes=\"(max-width: 1024px) 100vw, 1024px\" \/><\/a><\/figure><\/li><\/ul><figcaption class=\"blocks-gallery-caption\">Zum Schlu\u00df noch ein Erinnerungsfoto mit Stefan!<\/figcaption><\/figure>\n\n\n\n<p>Den beiden Jubilaren Davor und Wojciech w\u00fcnschen wir alle noch viele weitere sch\u00f6ne Marathon- und Ultra-L\u00e4ufe im Kreise ihrer Lauffreunde! Vielen Dank an Davor f\u00fcr die hervorragende Organisation dieses Laufes hier an der sch\u00f6nen Kieler F\u00f6rde! <\/p>\n\n\n\n<p>Viele Gr\u00fc\u00dfe und bis bald!<\/p>\n\n\n\n<p>Dietrich<\/p>\n\n\n\n<p>Hittfeld, 22.12.2023<\/p>\n","protected":false},"excerpt":{"rendered":"<p>Am Sonnabend, dem 16. Dezember fand der 41. Holtenauer Individual Marathon an der Kieler F\u00f6rde statt, und gleich zwei Lauffreunde feierten Jubil\u00e4um. Veranstalter Davor Bendin feierte seinen 300. und Wojciech Piotr Mehl seinen 400. Marathon\/Ultra! Den beiden Jubilaren Davor und &hellip; <a href=\"https:\/\/www.dietricheberle1974mv.de\/?p=19348\">Weiterlesen <span class=\"meta-nav\">&rarr;<\/span><\/a><\/p>\n","protected":false},"author":2,"featured_media":19426,"comment_status":"closed","ping_status":"","sticky":false,"template":"","format":"standard","meta":[],"categories":[4],"tags":[],"_links":{"self":[{"href":"https:\/\/www.dietricheberle1974mv.de\/index.php?rest_route=\/wp\/v2\/posts\/19348"}],"collection":[{"href":"https:\/\/www.dietricheberle1974mv.de\/index.php?rest_route=\/wp\/v2\/posts"}],"about":[{"href":"https:\/\/www.dietricheberle1974mv.de\/index.php?rest_route=\/wp\/v2\/types\/post"}],"author":[{"embeddable":true,"href":"https:\/\/www.dietricheberle1974mv.de\/index.php?rest_route=\/wp\/v2\/users\/2"}],"replies":[{"embeddable":true,"href":"https:\/\/www.dietricheberle1974mv.de\/index.php?rest_route=%2Fwp%2Fv2%2Fcomments&post=19348"}],"version-history":[{"count":48,"href":"https:\/\/www.dietricheberle1974mv.de\/index.php?rest_route=\/wp\/v2\/posts\/19348\/revisions"}],"predecessor-version":[{"id":19473,"href":"https:\/\/www.dietricheberle1974mv.de\/index.php?rest_route=\/wp\/v2\/posts\/19348\/revisions\/19473"}],"wp:featuredmedia":[{"embeddable":true,"href":"https:\/\/www.dietricheberle1974mv.de\/index.php?rest_route=\/wp\/v2\/media\/19426"}],"wp:attachment":[{"href":"https:\/\/www.dietricheberle1974mv.de\/index.php?rest_route=%2Fwp%2Fv2%2Fmedia&parent=19348"}],"wp:term":[{"taxonomy":"category","embeddable":true,"href":"https:\/\/www.dietricheberle1974mv.de\/index.php?rest_route=%2Fwp%2Fv2%2Fcategories&post=19348"},{"taxonomy":"post_tag","embeddable":true,"href":"https:\/\/www.dietricheberle1974mv.de\/index.php?rest_route=%2Fwp%2Fv2%2Ftags&post=19348"}],"curies":[{"name":"wp","href":"https:\/\/api.w.org\/{rel}","templated":true}]}}